{"id":69885,"date":"2023-08-23T12:32:52","date_gmt":"2023-08-23T15:32:52","guid":{"rendered":"https:\/\/www.masrojo.com.ar\/home\/?p=69885"},"modified":"2023-08-23T12:32:52","modified_gmt":"2023-08-23T15:32:52","slug":"izquierdoz-es-prioridad","status":"publish","type":"post","link":"https:\/\/www.masrojo.com.ar\/home\/2023\/08\/23\/izquierdoz-es-prioridad\/","title":{"rendered":"\u00abIzquierdoz es prioridad\u00bb"},"content":{"rendered":"<p>Carlos Tevez\u00a0habl\u00f3 con\u00a0TyC Sports\u00a0luego de asumir como nuevo entrenador de Independiente\u00a0y detall\u00f3 la situaci\u00f3n actual con\u00a0Carlos Izquierdoz, a quien considera prioridad absoluta para el armado de su equipo de cara a lo que ser\u00e1 la lucha por la permanencia en estas pr\u00f3ximas trece fechas que restan en la\u00a0Copa de la Liga Profesional 2023.<\/p>\n<p><em>\u00abEl tema de negociaciones son muy finas. Solamente le digo al hincha de Independiente que tiene ganas de venir, tiene ganas de ponerse la camiseta de Independiente y eso para m\u00ed es important\u00edsimo. Yo soy muy optimista y creo que si los planetas se alineas podemos tener al Cali (Izquierdoz) pero yo estoy convencido de que le va a dar mucha experiencia en este momento.\u00a0Se va a poner la camiseta y va a dar la vida por Independiente, que es lo que necesitamos. Es Izquierdoz, es prioridad<\/em><i>\u00ab<\/i>.<\/p>\n<div data-adtype=\"inline_grande\" data-google-query-id=\"CKaPjvKK84ADFWKjlQIdV74HzQ\">\n<p>El ex-entrenador de Rosario Central\u00a0 confes\u00f3 los motivos por los que decidi\u00f3 tomar el mando de la primera del Rojo: <i>\u00abPorque es una parada brava, me encanta porque o tocas el cielo o tocas la tierra. No tenes un par\u00e1metro medio y hay que estar preparado para eso. Es un desaf\u00edo para m\u00ed como entrenador y creo que para el club tambi\u00e9n. Me parece que valor\u00e9 m\u00e1s el club porque si llega a pasar lo peor, lo cual yo estoy confiado plenamente en estos pibes, creo que es muy importante lo que hagamos nosotros adentro de la cancha\u00bb<\/i>.<\/p>\n<p><i>\u00abVa una sola fecha, nosotros lo que queremos es pelear el campeonato como demanda esta camiseta. Esta camiseta manda que pelees todo lo que juegues. Es la mentalidad que se viene, la mentalidad que como uno como entrenador tiene\u00a0que hacer creer a los jugadores y no pensar en otra cosa\u00bb<\/i>, continu\u00f3 el Apache.<\/p>\n<p>T\u00e9vez ya tiene sus objetivos claros sobre los tres pr\u00f3ximos encuentros que disputar\u00e1 el conjunto de Avellaneda:\u00a0<i>\u00abTienen que ser los nueve (puntos). Yo pienso ahora en V\u00e9lez, no estoy pensando ni en Gimnasia ni en Hurac\u00e1n, creo que tenemos que ir sabiendo que\u00a0jugamos el domingo contra V\u00e9lez, un equipo que est\u00e1 trabajado y que vendr\u00e1 a jugar con la desesperaci\u00f3n nuestra, entonces sabemos que ser\u00e1 un partido muy complicado donde\u00a0tendremos que tener la cabeza muy fr\u00eda para pensar la estrategia en esta semana\u00bb<\/i>.<\/p>\n<p>Sobre la situaci\u00f3n actual del club y su rol lo dej\u00f3 bien claro: <i>\u00abEl f\u00fatbol argentino es as\u00ed, la verdad que sal\u00ed hoy a la ma\u00f1ana de mi casa y todav\u00eda no llegu\u00e9 pero es Independiente. A mi me encanta, voy a estar 24\/7 por este escudo\u00a0para tratar de sacarlo adelante y un poco organizar y tirar todos para el mismo lado que es lo m\u00e1s dif\u00edcil\u00bb<\/i>.<\/p>\n<p><i>\u00abSe lo dije a los dirigentes, yo no soy la salvaci\u00f3n de nadie pero si vengo a ayudar a Independiente\u00a0porque es lo que sent\u00ed, es lo que siento, que puedo hacerlo y\u00a0tenemos que empezar a armar un grupo de trabajo donde todos tengamos la misma l\u00ednea del presidente hasta el utilero y creo que as\u00ed se llega a salir adelante. Si pensamos que yo hoy vengo ac\u00e1 a salvar a Independiente y yo soy la salvaci\u00f3n, estamos muy equivocados porque a Independiente lo salvamos entre todos, no solamente yo porque gane un partido o dos o los muchachos ganen\u00bb<\/i>, concret\u00f3.<\/p>\n<\/div>\n","protected":false},"excerpt":{"rendered":"<div class=\"mh-excerpt\"><p>Carlos Tevez\u00a0habl\u00f3 con\u00a0TyC Sports\u00a0luego de asumir como nuevo entrenador de Independiente\u00a0y detall\u00f3 la situaci\u00f3n actual con\u00a0Carlos Izquierdoz, a quien considera prioridad absoluta para el armado de su equipo de cara a lo que ser\u00e1 la <a class=\"mh-excerpt-more\" href=\"https:\/\/www.masrojo.com.ar\/home\/2023\/08\/23\/izquierdoz-es-prioridad\/\" title=\"\u00abIzquierdoz es prioridad\u00bb\">[&#8230;]<\/a><\/p>\n<\/div>","protected":false},"author":6,"featured_media":69845,"comment_status":"closed","ping_status":"closed","sticky":false,"template":"","format":"standard","meta":{"_jetpack_memberships_contains_paid_content":false,"footnotes":"","jetpack_publicize_message":"","jetpack_publicize_feature_enabled":true,"jetpack_social_post_already_shared":true,"jetpack_social_options":{"image_generator_settings":{"template":"highway","enabled":false},"version":2}},"categories":[4],"tags":[1180],"class_list":{"0":"post-69885","1":"post","2":"type-post","3":"status-publish","4":"format-standard","5":"has-post-thumbnail","7":"category-actualidad","8":"tag-carlos-tevez"},"jetpack_publicize_connections":[],"jetpack_sharing_enabled":true,"jetpack_featured_media_url":"https:\/\/i0.wp.com\/www.masrojo.com.ar\/home\/wp-content\/uploads\/tevez-1.jpg?fit=1080%2C681&ssl=1","jetpack_shortlink":"https:\/\/wp.me\/p90W9F-ibb","_links":{"self":[{"href":"https:\/\/www.masrojo.com.ar\/home\/wp-json\/wp\/v2\/posts\/69885"}],"collection":[{"href":"https:\/\/www.masrojo.com.ar\/home\/wp-json\/wp\/v2\/posts"}],"about":[{"href":"https:\/\/www.masrojo.com.ar\/home\/wp-json\/wp\/v2\/types\/post"}],"author":[{"embeddable":true,"href":"https:\/\/www.masrojo.com.ar\/home\/wp-json\/wp\/v2\/users\/6"}],"replies":[{"embeddable":true,"href":"https:\/\/www.masrojo.com.ar\/home\/wp-json\/wp\/v2\/comments?post=69885"}],"version-history":[{"count":1,"href":"https:\/\/www.masrojo.com.ar\/home\/wp-json\/wp\/v2\/posts\/69885\/revisions"}],"predecessor-version":[{"id":69891,"href":"https:\/\/www.masrojo.com.ar\/home\/wp-json\/wp\/v2\/posts\/69885\/revisions\/69891"}],"wp:featuredmedia":[{"embeddable":true,"href":"https:\/\/www.masrojo.com.ar\/home\/wp-json\/wp\/v2\/media\/69845"}],"wp:attachment":[{"href":"https:\/\/www.masrojo.com.ar\/home\/wp-json\/wp\/v2\/media?parent=69885"}],"wp:term":[{"taxonomy":"category","embeddable":true,"href":"https:\/\/www.masrojo.com.ar\/home\/wp-json\/wp\/v2\/categories?post=69885"},{"taxonomy":"post_tag","embeddable":true,"href":"https:\/\/www.masrojo.com.ar\/home\/wp-json\/wp\/v2\/tags?post=69885"}],"curies":[{"name":"wp","href":"https:\/\/api.w.org\/{rel}","templated":true}]}}