{"id":70107,"date":"2023-08-31T22:58:10","date_gmt":"2023-09-01T01:58:10","guid":{"rendered":"https:\/\/www.masrojo.com.ar\/home\/?p=70107"},"modified":"2023-08-31T22:58:10","modified_gmt":"2023-09-01T01:58:10","slug":"buffarini-firmo-y-es-refuerzo","status":"publish","type":"post","link":"https:\/\/www.masrojo.com.ar\/home\/2023\/08\/31\/buffarini-firmo-y-es-refuerzo\/","title":{"rendered":"Buffarini firm\u00f3 y es refuerzo"},"content":{"rendered":"<p>Julio\u00a0Buffarini, quien qued\u00f3 libre de Talleres,\u00a0es nuevo refuerzo de Independiente, que lo oficializ\u00f3 este jueves a trav\u00e9s de sus redes sociales luego de que llegaran a un acuerdo entre las partes antes del cierre de este mercado de pases, que finaliza hoy a las 20 horas.<\/p>\n<p>Cabe destacar que en la posici\u00f3n del lateral derecho el Rojo contrat\u00f3 en este per\u00edodo a\u00a0Mauricio Isla\u00a0y adem\u00e1s cuenta con\u00a0Luciano G\u00f3mez, quien lleg\u00f3 a pr\u00e9stamo en el mercado de pases pasado desde Argentinos Juniors. Adem\u00e1s, en el primer semestre\u00a0han jugado en ese lugar Patricio Ostachuk, Santiago Salle y hasta Mateo Baltasar Barcia.<\/p>\n<blockquote class=\"twitter-tweet\">\n<p dir=\"ltr\" lang=\"es\">&#x270d;&#xfe0f; Firma en la Sede y ma\u00f1ana entrenamiento en Dom\u00ednico.<\/p>\n<p>\u00a1Dale Buffa! &#x1f44a;<a href=\"https:\/\/twitter.com\/hashtag\/TodoRojo?src=hash&amp;ref_src=twsrc%5Etfw\">#TodoRojo<\/a> &#x1f534; <a href=\"https:\/\/t.co\/4nSeFzLTvX\">pic.twitter.com\/4nSeFzLTvX<\/a><\/p>\n<p>\u2014 C. A. Independiente (@Independiente) <a href=\"https:\/\/twitter.com\/Independiente\/status\/1697331706108268623?ref_src=twsrc%5Etfw\">August 31, 2023<\/a><\/p><\/blockquote>\n<p><script async src=\"https:\/\/platform.twitter.com\/widgets.js\" charset=\"utf-8\"><\/script><\/p>\n<p>&nbsp;<\/p>\n","protected":false},"excerpt":{"rendered":"<div class=\"mh-excerpt\"><p>Julio\u00a0Buffarini, quien qued\u00f3 libre de Talleres,\u00a0es nuevo refuerzo de Independiente, que lo oficializ\u00f3 este jueves a trav\u00e9s de sus redes sociales luego de que llegaran a un acuerdo entre las partes antes del cierre de <a class=\"mh-excerpt-more\" href=\"https:\/\/www.masrojo.com.ar\/home\/2023\/08\/31\/buffarini-firmo-y-es-refuerzo\/\" title=\"Buffarini firm\u00f3 y es refuerzo\">[&#8230;]<\/a><\/p>\n<\/div>","protected":false},"author":6,"featured_media":70147,"comment_status":"closed","ping_status":"closed","sticky":false,"template":"","format":"standard","meta":{"_jetpack_memberships_contains_paid_content":false,"footnotes":"","jetpack_publicize_message":"","jetpack_publicize_feature_enabled":true,"jetpack_social_post_already_shared":true,"jetpack_social_options":{"image_generator_settings":{"template":"highway","enabled":false},"version":2}},"categories":[4],"tags":[1182,19],"class_list":{"0":"post-70107","1":"post","2":"type-post","3":"status-publish","4":"format-standard","5":"has-post-thumbnail","7":"category-actualidad","8":"tag-julio-buffarini","9":"tag-mercado-de-pases"},"jetpack_publicize_connections":[],"jetpack_sharing_enabled":true,"jetpack_featured_media_url":"https:\/\/i0.wp.com\/www.masrojo.com.ar\/home\/wp-content\/uploads\/bufffa.jpeg?fit=2048%2C1366&ssl=1","jetpack_shortlink":"https:\/\/wp.me\/p90W9F-ieL","_links":{"self":[{"href":"https:\/\/www.masrojo.com.ar\/home\/wp-json\/wp\/v2\/posts\/70107"}],"collection":[{"href":"https:\/\/www.masrojo.com.ar\/home\/wp-json\/wp\/v2\/posts"}],"about":[{"href":"https:\/\/www.masrojo.com.ar\/home\/wp-json\/wp\/v2\/types\/post"}],"author":[{"embeddable":true,"href":"https:\/\/www.masrojo.com.ar\/home\/wp-json\/wp\/v2\/users\/6"}],"replies":[{"embeddable":true,"href":"https:\/\/www.masrojo.com.ar\/home\/wp-json\/wp\/v2\/comments?post=70107"}],"version-history":[{"count":1,"href":"https:\/\/www.masrojo.com.ar\/home\/wp-json\/wp\/v2\/posts\/70107\/revisions"}],"predecessor-version":[{"id":70114,"href":"https:\/\/www.masrojo.com.ar\/home\/wp-json\/wp\/v2\/posts\/70107\/revisions\/70114"}],"wp:featuredmedia":[{"embeddable":true,"href":"https:\/\/www.masrojo.com.ar\/home\/wp-json\/wp\/v2\/media\/70147"}],"wp:attachment":[{"href":"https:\/\/www.masrojo.com.ar\/home\/wp-json\/wp\/v2\/media?parent=70107"}],"wp:term":[{"taxonomy":"category","embeddable":true,"href":"https:\/\/www.masrojo.com.ar\/home\/wp-json\/wp\/v2\/categories?post=70107"},{"taxonomy":"post_tag","embeddable":true,"href":"https:\/\/www.masrojo.com.ar\/home\/wp-json\/wp\/v2\/tags?post=70107"}],"curies":[{"name":"wp","href":"https:\/\/api.w.org\/{rel}","templated":true}]}}