{"id":70115,"date":"2023-08-31T23:01:30","date_gmt":"2023-09-01T02:01:30","guid":{"rendered":"https:\/\/www.masrojo.com.ar\/home\/?p=70115"},"modified":"2023-08-31T23:01:30","modified_gmt":"2023-09-01T02:01:30","slug":"entrenamiento-pensando-en-la-plata","status":"publish","type":"post","link":"https:\/\/www.masrojo.com.ar\/home\/2023\/08\/31\/entrenamiento-pensando-en-la-plata\/","title":{"rendered":"Entrenamiento pensando en La Plata"},"content":{"rendered":"<p>Carlos Tevez\u00a0eval\u00faa\u00a0posibles cambios t\u00e1cticos en el equipo titular\u00a0para visitar a\u00a0Gimnasia\u00a0este s\u00e1bado desde las 15 en el Estadio Juan Carmelo Zerillo y\u00a0prob\u00f3 con el mediocampista Federico Mancuello como enganche.<\/p>\n<p>En la pr\u00e1ctica de este jueves, el\u00a0<i>Apache\u00a0<\/i>realiz\u00f3 distintas variantes y, m\u00e1s all\u00e1 de que habr\u00e1 que esperar al correr de los d\u00edas para conocer el posible once que saldr\u00e1 desde el arranque ante el Lobo,\u00a0es una posibilidad que el\u00a0<i>Rojo\u00a0<\/i>cuente con cuatro defensores.<\/p>\n<p>Si bien ante V\u00e9lez el conjunto de Avellaneda se llev\u00f3 una victoria trascendental,\u00a0ahora tendr\u00e1 que medirse contra el\u00a0<i>Lobo<\/i>, tambi\u00e9n contrincante directo, y Tevez busca las mejores opciones.<\/p>\n<p>&nbsp;<\/p>\n","protected":false},"excerpt":{"rendered":"<div class=\"mh-excerpt\"><p>Carlos Tevez\u00a0eval\u00faa\u00a0posibles cambios t\u00e1cticos en el equipo titular\u00a0para visitar a\u00a0Gimnasia\u00a0este s\u00e1bado desde las 15 en el Estadio Juan Carmelo Zerillo y\u00a0prob\u00f3 con el mediocampista Federico Mancuello como enganche. En la pr\u00e1ctica de este jueves, el\u00a0Apache\u00a0realiz\u00f3 <a class=\"mh-excerpt-more\" href=\"https:\/\/www.masrojo.com.ar\/home\/2023\/08\/31\/entrenamiento-pensando-en-la-plata\/\" title=\"Entrenamiento pensando en La Plata\">[&#8230;]<\/a><\/p>\n<\/div>","protected":false},"author":6,"featured_media":69894,"comment_status":"closed","ping_status":"closed","sticky":false,"template":"","format":"standard","meta":{"_jetpack_memberships_contains_paid_content":false,"footnotes":"","jetpack_publicize_message":"","jetpack_publicize_feature_enabled":true,"jetpack_social_post_already_shared":true,"jetpack_social_options":{"image_generator_settings":{"template":"highway","enabled":false},"version":2}},"categories":[4],"tags":[1180,27,1165,162],"class_list":{"0":"post-70115","1":"post","2":"type-post","3":"status-publish","4":"format-standard","5":"has-post-thumbnail","7":"category-actualidad","8":"tag-carlos-tevez","9":"tag-entrenamiento","10":"tag-gimnasia-y-esgrima","11":"tag-previa"},"jetpack_publicize_connections":[],"jetpack_sharing_enabled":true,"jetpack_featured_media_url":"https:\/\/i0.wp.com\/www.masrojo.com.ar\/home\/wp-content\/uploads\/entrenamiento-carlos.jpeg?fit=2186%2C1457&ssl=1","jetpack_shortlink":"https:\/\/wp.me\/p90W9F-ieT","_links":{"self":[{"href":"https:\/\/www.masrojo.com.ar\/home\/wp-json\/wp\/v2\/posts\/70115"}],"collection":[{"href":"https:\/\/www.masrojo.com.ar\/home\/wp-json\/wp\/v2\/posts"}],"about":[{"href":"https:\/\/www.masrojo.com.ar\/home\/wp-json\/wp\/v2\/types\/post"}],"author":[{"embeddable":true,"href":"https:\/\/www.masrojo.com.ar\/home\/wp-json\/wp\/v2\/users\/6"}],"replies":[{"embeddable":true,"href":"https:\/\/www.masrojo.com.ar\/home\/wp-json\/wp\/v2\/comments?post=70115"}],"version-history":[{"count":2,"href":"https:\/\/www.masrojo.com.ar\/home\/wp-json\/wp\/v2\/posts\/70115\/revisions"}],"predecessor-version":[{"id":70122,"href":"https:\/\/www.masrojo.com.ar\/home\/wp-json\/wp\/v2\/posts\/70115\/revisions\/70122"}],"wp:featuredmedia":[{"embeddable":true,"href":"https:\/\/www.masrojo.com.ar\/home\/wp-json\/wp\/v2\/media\/69894"}],"wp:attachment":[{"href":"https:\/\/www.masrojo.com.ar\/home\/wp-json\/wp\/v2\/media?parent=70115"}],"wp:term":[{"taxonomy":"category","embeddable":true,"href":"https:\/\/www.masrojo.com.ar\/home\/wp-json\/wp\/v2\/categories?post=70115"},{"taxonomy":"post_tag","embeddable":true,"href":"https:\/\/www.masrojo.com.ar\/home\/wp-json\/wp\/v2\/tags?post=70115"}],"curies":[{"name":"wp","href":"https:\/\/api.w.org\/{rel}","templated":true}]}}