{"id":70306,"date":"2023-09-07T17:39:33","date_gmt":"2023-09-07T20:39:33","guid":{"rendered":"https:\/\/www.masrojo.com.ar\/home\/?p=70306"},"modified":"2023-09-07T17:39:33","modified_gmt":"2023-09-07T20:39:33","slug":"ayrton-costa-baja-para-el-partido-ante-estudiantes","status":"publish","type":"post","link":"https:\/\/www.masrojo.com.ar\/home\/2023\/09\/07\/ayrton-costa-baja-para-el-partido-ante-estudiantes\/","title":{"rendered":"Ayrton Costa, baja para el partido ante Estudiantes"},"content":{"rendered":"<p>Ayrton Costa, defensor de\u00a0Independiente, se retir\u00f3 de la pr\u00e1ctica de ayer con una molestia, y este jueves\u00a0los estudios confirmaron que sufri\u00f3 una distensi\u00f3n en el isquiotibial de la pierna izquierda, por lo que\u00a0<u>qued\u00f3 descartado para enfrentar a\u00a0Estudiantes\u00a0por la\u00a0Copa Argentina<\/u>\u00a0el pr\u00f3ximo s\u00e1bado.<\/p>\n<p>El futbolista hab\u00eda abandonado la pr\u00e1ctica por un dolor en la zona del isquiotibial, y en un primer momento se tem\u00eda que fuese un desgarro. Sin embargo, los estudios del d\u00eda jueves determinaron que\u00a0Costa solamente sufri\u00f3 una distensi\u00f3n en esa zona de su pierna izquierda.<\/p>\n<p>Esto lo dejar\u00e1 fuera del partido contra\u00a0Estudiantes, por los octavos de final de la\u00a0Copa Argentina, que se jugar\u00e1 este s\u00e1bado desde las 15.15 en el Estadio Malvinas Argentinas de Mendoza. De todos modos, la buena noticia para el defensor y tambi\u00e9n para\u00a0Carlos T\u00e9vez fue que\u00a0<u>al no ser un desgarro<\/u>,\u00a0<u>tiene posibilidades de jugar el otro fin de semana<\/u>, cuando se reanude la\u00a0Copa Liga Profesional.<\/p>\n<p>&nbsp;<\/p>\n","protected":false},"excerpt":{"rendered":"<div class=\"mh-excerpt\"><p>Ayrton Costa, defensor de\u00a0Independiente, se retir\u00f3 de la pr\u00e1ctica de ayer con una molestia, y este jueves\u00a0los estudios confirmaron que sufri\u00f3 una distensi\u00f3n en el isquiotibial de la pierna izquierda, por lo que\u00a0qued\u00f3 descartado para <a class=\"mh-excerpt-more\" href=\"https:\/\/www.masrojo.com.ar\/home\/2023\/09\/07\/ayrton-costa-baja-para-el-partido-ante-estudiantes\/\" title=\"Ayrton Costa, baja para el partido ante Estudiantes\">[&#8230;]<\/a><\/p>\n<\/div>","protected":false},"author":6,"featured_media":55121,"comment_status":"closed","ping_status":"closed","sticky":false,"template":"","format":"standard","meta":{"_jetpack_memberships_contains_paid_content":false,"footnotes":"","jetpack_publicize_message":"","jetpack_publicize_feature_enabled":true,"jetpack_social_post_already_shared":true,"jetpack_social_options":{"image_generator_settings":{"template":"highway","enabled":false},"version":2}},"categories":[4],"tags":[1115,582],"class_list":{"0":"post-70306","1":"post","2":"type-post","3":"status-publish","4":"format-standard","5":"has-post-thumbnail","7":"category-actualidad","8":"tag-ayrton-costa","9":"tag-lesion"},"jetpack_publicize_connections":[],"jetpack_sharing_enabled":true,"jetpack_featured_media_url":"https:\/\/i0.wp.com\/www.masrojo.com.ar\/home\/wp-content\/uploads\/ayrton-costa-independiente_862x485.jpg?fit=862%2C485&ssl=1","jetpack_shortlink":"https:\/\/wp.me\/p90W9F-ihY","_links":{"self":[{"href":"https:\/\/www.masrojo.com.ar\/home\/wp-json\/wp\/v2\/posts\/70306"}],"collection":[{"href":"https:\/\/www.masrojo.com.ar\/home\/wp-json\/wp\/v2\/posts"}],"about":[{"href":"https:\/\/www.masrojo.com.ar\/home\/wp-json\/wp\/v2\/types\/post"}],"author":[{"embeddable":true,"href":"https:\/\/www.masrojo.com.ar\/home\/wp-json\/wp\/v2\/users\/6"}],"replies":[{"embeddable":true,"href":"https:\/\/www.masrojo.com.ar\/home\/wp-json\/wp\/v2\/comments?post=70306"}],"version-history":[{"count":1,"href":"https:\/\/www.masrojo.com.ar\/home\/wp-json\/wp\/v2\/posts\/70306\/revisions"}],"predecessor-version":[{"id":70312,"href":"https:\/\/www.masrojo.com.ar\/home\/wp-json\/wp\/v2\/posts\/70306\/revisions\/70312"}],"wp:featuredmedia":[{"embeddable":true,"href":"https:\/\/www.masrojo.com.ar\/home\/wp-json\/wp\/v2\/media\/55121"}],"wp:attachment":[{"href":"https:\/\/www.masrojo.com.ar\/home\/wp-json\/wp\/v2\/media?parent=70306"}],"wp:term":[{"taxonomy":"category","embeddable":true,"href":"https:\/\/www.masrojo.com.ar\/home\/wp-json\/wp\/v2\/categories?post=70306"},{"taxonomy":"post_tag","embeddable":true,"href":"https:\/\/www.masrojo.com.ar\/home\/wp-json\/wp\/v2\/tags?post=70306"}],"curies":[{"name":"wp","href":"https:\/\/api.w.org\/{rel}","templated":true}]}}