{"id":70610,"date":"2023-09-24T22:02:56","date_gmt":"2023-09-25T01:02:56","guid":{"rendered":"https:\/\/www.masrojo.com.ar\/home\/?p=70610"},"modified":"2023-09-24T22:02:56","modified_gmt":"2023-09-25T01:02:56","slug":"tevez-quiero-ver-esta-semana-que-dicen","status":"publish","type":"post","link":"https:\/\/www.masrojo.com.ar\/home\/2023\/09\/24\/tevez-quiero-ver-esta-semana-que-dicen\/","title":{"rendered":"T\u00e9vez: \u00abQuiero ver esta semana qu\u00e9 dicen\u00bb"},"content":{"rendered":"<p>Por la sexta fecha de la Copa de la Liga,<strong>\u00a0Independiente<\/strong>\u00a0igual\u00f3 sin goles ante\u00a0<strong>Instituto<\/strong>\u00a0en el estadio Libertadores de Am\u00e9rica\u00a0y qued\u00f3 en la segunda posici\u00f3n de la Zona A con 11 puntos, uno menos que Hurac\u00e1n, el \u00fanico l\u00edder del grupo.<\/p>\n<p>El partido fue pol\u00e9mico de principio a fin. Sin ir m\u00e1s lejos,\u00a0<strong>el &#8216;Rojo&#8217; reclam\u00f3 por dos penales en el segundo tiempo<\/strong>, pero el \u00e1rbitro y el VAR consideraron que no hubo infracci\u00f3n en ninguna de las dos jugadas.<\/p>\n<p class=\"jsx-672662411\">Una vez finalizado el partido,\u00a0<strong>Carlos Tevez<\/strong>, entrenador del cuadro de Avellaneda, brind\u00f3 una rueda de prensa y\u00a0<strong>se refiri\u00f3 a estas acciones<\/strong>, que dieron mucho que hablar en las redes sociales, donde los hinchas opinaron que el equipo local fue perjudicado por el arbitraje.<\/p>\n<p class=\"jsx-672662411\">\u00ab<em>Revis\u00e9 las dos jugadas.\u00a0<strong>La de (Brian) Mart\u00ednez, para m\u00ed, no es penal, est\u00e1 bien&#8230; Pero la de (Alexis) Canelo, s\u00ed<\/strong>. Es bueno que nos haya pasado ahora, quiero que ver dicen los que afirman que a Independiente lo ayudan porque est\u00e1 Tevez.\u00a0Ya me est\u00e1n cansando un poco esas\u00a0boludeces del &#8216;ayud\u00edn'\u00bb<\/em>, comenz\u00f3 T\u00e9vez.<\/p>\n<p>En la misma l\u00ednea, el &#8216;Apache&#8217; realiz\u00f3 un an\u00e1lisis sobre el desarrollo del partido y el rendimiento de su equipo: <em>\u00abSeguimos trabajando y seguimos meti\u00e9ndole esta intensidad que hoy nos cost\u00f3, pero tambi\u00e9n nos cost\u00f3 porque tenemos cuatro lesionados porque<strong>\u00a0se nos empieza a hacer muy corto el plantel<\/strong>\u00ab.<\/em><\/p>\n<div>\n<p class=\"jsx-672662411\"><em>\u00abHay partidos que los tenemos que luchar. En el segundo tiempo levantamos la intensidad y se vio un mejor Independiente.\u00a0<strong>El pr\u00f3ximo partido contra Racing va a estar lindo<\/strong>\u00ab<\/em>, sintetiz\u00f3 Tevez.<\/p>\n<p><iframe loading=\"lazy\" title=\"YouTube video player\" src=\"https:\/\/www.youtube.com\/embed\/NR_MsbnvBdk?si=UKCCfbzljkWmuNyf\" width=\"560\" height=\"315\" frameborder=\"0\" allowfullscreen=\"allowfullscreen\"><\/iframe><\/p>\n<\/div>\n<p>&nbsp;<\/p>\n<p>&nbsp;<\/p>\n","protected":false},"excerpt":{"rendered":"<div class=\"mh-excerpt\"><p>Por la sexta fecha de la Copa de la Liga,\u00a0Independiente\u00a0igual\u00f3 sin goles ante\u00a0Instituto\u00a0en el estadio Libertadores de Am\u00e9rica\u00a0y qued\u00f3 en la segunda posici\u00f3n de la Zona A con 11 puntos, uno menos que Hurac\u00e1n, el <a class=\"mh-excerpt-more\" href=\"https:\/\/www.masrojo.com.ar\/home\/2023\/09\/24\/tevez-quiero-ver-esta-semana-que-dicen\/\" title=\"T\u00e9vez: \u00abQuiero ver esta semana qu\u00e9 dicen\u00bb\">[&#8230;]<\/a><\/p>\n<\/div>","protected":false},"author":6,"featured_media":70579,"comment_status":"closed","ping_status":"closed","sticky":false,"template":"","format":"standard","meta":{"_jetpack_memberships_contains_paid_content":false,"footnotes":"","jetpack_publicize_message":"","jetpack_publicize_feature_enabled":true,"jetpack_social_post_already_shared":true,"jetpack_social_options":{"image_generator_settings":{"template":"highway","enabled":false},"version":2}},"categories":[4],"tags":[1180,81,1051,141,1185,741],"class_list":{"0":"post-70610","1":"post","2":"type-post","3":"status-publish","4":"format-standard","5":"has-post-thumbnail","7":"category-actualidad","8":"tag-carlos-tevez","9":"tag-conferencia-de-prensa","10":"tag-copa-de-la-liga","11":"tag-declaraciones","12":"tag-instituto","13":"tag-post-partido"},"jetpack_publicize_connections":[],"jetpack_sharing_enabled":true,"jetpack_featured_media_url":"https:\/\/i0.wp.com\/www.masrojo.com.ar\/home\/wp-content\/uploads\/tevez-instituto.jpeg?fit=900%2C601&ssl=1","jetpack_shortlink":"https:\/\/wp.me\/p90W9F-imS","_links":{"self":[{"href":"https:\/\/www.masrojo.com.ar\/home\/wp-json\/wp\/v2\/posts\/70610"}],"collection":[{"href":"https:\/\/www.masrojo.com.ar\/home\/wp-json\/wp\/v2\/posts"}],"about":[{"href":"https:\/\/www.masrojo.com.ar\/home\/wp-json\/wp\/v2\/types\/post"}],"author":[{"embeddable":true,"href":"https:\/\/www.masrojo.com.ar\/home\/wp-json\/wp\/v2\/users\/6"}],"replies":[{"embeddable":true,"href":"https:\/\/www.masrojo.com.ar\/home\/wp-json\/wp\/v2\/comments?post=70610"}],"version-history":[{"count":1,"href":"https:\/\/www.masrojo.com.ar\/home\/wp-json\/wp\/v2\/posts\/70610\/revisions"}],"predecessor-version":[{"id":70616,"href":"https:\/\/www.masrojo.com.ar\/home\/wp-json\/wp\/v2\/posts\/70610\/revisions\/70616"}],"wp:featuredmedia":[{"embeddable":true,"href":"https:\/\/www.masrojo.com.ar\/home\/wp-json\/wp\/v2\/media\/70579"}],"wp:attachment":[{"href":"https:\/\/www.masrojo.com.ar\/home\/wp-json\/wp\/v2\/media?parent=70610"}],"wp:term":[{"taxonomy":"category","embeddable":true,"href":"https:\/\/www.masrojo.com.ar\/home\/wp-json\/wp\/v2\/categories?post=70610"},{"taxonomy":"post_tag","embeddable":true,"href":"https:\/\/www.masrojo.com.ar\/home\/wp-json\/wp\/v2\/tags?post=70610"}],"curies":[{"name":"wp","href":"https:\/\/api.w.org\/{rel}","templated":true}]}}