{"id":70647,"date":"2023-09-26T18:40:13","date_gmt":"2023-09-26T21:40:13","guid":{"rendered":"https:\/\/www.masrojo.com.ar\/home\/?p=70647"},"modified":"2023-09-26T18:40:13","modified_gmt":"2023-09-26T21:40:13","slug":"mauricio-isla-se-entreno-diferenciado","status":"publish","type":"post","link":"https:\/\/www.masrojo.com.ar\/home\/2023\/09\/26\/mauricio-isla-se-entreno-diferenciado\/","title":{"rendered":"Mauricio Isla se entren\u00f3 diferenciado"},"content":{"rendered":"<p class=\"capital\">Mauricio\u00a0Isla\u00a0se entren\u00f3 diferenciado\u00a0del grupo este lunes por la ma\u00f1ana, debido a que posee una sobrecarga muscular, pero habr\u00eda sido una decisi\u00f3n del cuerpo t\u00e9cnico\u00a0para que el futbolista llegue en \u00f3ptimas condiciones al cl\u00e1sico con Racing del s\u00e1bado,\u00a0por la fecha 7 de Copa de Liga Profesional.<\/p>\n<div id=\"ad-slot-inline1\" class=\"ad-slot-inline1 ad-slot\" data-adzonerun=\"1\" data-adtype=\"inline1\" data-google-query-id=\"CP6AyPudyYEDFT9N3QIdVhgFnw\">\n<div id=\"google_ads_iframe_\/125006397\/tyc\/nota\/inline1_0__container__\">\n<p>El defensor se qued\u00f3 fuera del banco de suplentes en el encuentro del domingo ante Instituto y fue reemplazado por Julio Buffarini.\u00a0Adem\u00e1s, el equipo jug\u00f3 con cinco defensores por este motivo y por la falta de un volante.<\/p>\n<p>En tanto, quienes tambi\u00e9n trabajaron aparte fueron Ayrton Costa, quien se est\u00e1 recuperando de un desgarro en el b\u00edceps femoral izquierdo,\u00a0Mateo Baltasar Barcia, quien sufri\u00f3 una lesi\u00f3n en el recto anterior del cu\u00e1driceps izquierdo, y Santiago Toloza, quien padeci\u00f3 un esguince grave de tobillo.<\/p>\n<p>&nbsp;<\/p>\n<\/div>\n<\/div>\n","protected":false},"excerpt":{"rendered":"<div class=\"mh-excerpt\"><p>Mauricio\u00a0Isla\u00a0se entren\u00f3 diferenciado\u00a0del grupo este lunes por la ma\u00f1ana, debido a que posee una sobrecarga muscular, pero habr\u00eda sido una decisi\u00f3n del cuerpo t\u00e9cnico\u00a0para que el futbolista llegue en \u00f3ptimas condiciones al cl\u00e1sico con Racing <a class=\"mh-excerpt-more\" href=\"https:\/\/www.masrojo.com.ar\/home\/2023\/09\/26\/mauricio-isla-se-entreno-diferenciado\/\" title=\"Mauricio Isla se entren\u00f3 diferenciado\">[&#8230;]<\/a><\/p>\n<\/div>","protected":false},"author":6,"featured_media":69740,"comment_status":"closed","ping_status":"closed","sticky":false,"template":"","format":"standard","meta":{"_jetpack_memberships_contains_paid_content":false,"footnotes":"","jetpack_publicize_message":"","jetpack_publicize_feature_enabled":true,"jetpack_social_post_already_shared":true,"jetpack_social_options":{"image_generator_settings":{"template":"highway","enabled":false},"version":2}},"categories":[4],"tags":[27,1178,97],"class_list":{"0":"post-70647","1":"post","2":"type-post","3":"status-publish","4":"format-standard","5":"has-post-thumbnail","7":"category-actualidad","8":"tag-entrenamiento","9":"tag-mauricio-isla","10":"tag-racing"},"jetpack_publicize_connections":[],"jetpack_sharing_enabled":true,"jetpack_featured_media_url":"https:\/\/i0.wp.com\/www.masrojo.com.ar\/home\/wp-content\/uploads\/isla.jpg?fit=1888%2C1259&ssl=1","jetpack_shortlink":"https:\/\/wp.me\/p90W9F-int","_links":{"self":[{"href":"https:\/\/www.masrojo.com.ar\/home\/wp-json\/wp\/v2\/posts\/70647"}],"collection":[{"href":"https:\/\/www.masrojo.com.ar\/home\/wp-json\/wp\/v2\/posts"}],"about":[{"href":"https:\/\/www.masrojo.com.ar\/home\/wp-json\/wp\/v2\/types\/post"}],"author":[{"embeddable":true,"href":"https:\/\/www.masrojo.com.ar\/home\/wp-json\/wp\/v2\/users\/6"}],"replies":[{"embeddable":true,"href":"https:\/\/www.masrojo.com.ar\/home\/wp-json\/wp\/v2\/comments?post=70647"}],"version-history":[{"count":2,"href":"https:\/\/www.masrojo.com.ar\/home\/wp-json\/wp\/v2\/posts\/70647\/revisions"}],"predecessor-version":[{"id":70654,"href":"https:\/\/www.masrojo.com.ar\/home\/wp-json\/wp\/v2\/posts\/70647\/revisions\/70654"}],"wp:featuredmedia":[{"embeddable":true,"href":"https:\/\/www.masrojo.com.ar\/home\/wp-json\/wp\/v2\/media\/69740"}],"wp:attachment":[{"href":"https:\/\/www.masrojo.com.ar\/home\/wp-json\/wp\/v2\/media?parent=70647"}],"wp:term":[{"taxonomy":"category","embeddable":true,"href":"https:\/\/www.masrojo.com.ar\/home\/wp-json\/wp\/v2\/categories?post=70647"},{"taxonomy":"post_tag","embeddable":true,"href":"https:\/\/www.masrojo.com.ar\/home\/wp-json\/wp\/v2\/tags?post=70647"}],"curies":[{"name":"wp","href":"https:\/\/api.w.org\/{rel}","templated":true}]}}