{"id":70655,"date":"2023-09-26T18:45:16","date_gmt":"2023-09-26T21:45:16","guid":{"rendered":"https:\/\/www.masrojo.com.ar\/home\/?p=70655"},"modified":"2023-09-26T18:45:16","modified_gmt":"2023-09-26T21:45:16","slug":"david-martinez-firmo-su-primer-contrato-profesional-con-el-club","status":"publish","type":"post","link":"https:\/\/www.masrojo.com.ar\/home\/2023\/09\/26\/david-martinez-firmo-su-primer-contrato-profesional-con-el-club\/","title":{"rendered":"David Mart\u00ednez firm\u00f3 su primer contrato profesional con el club"},"content":{"rendered":"<p class=\"capital\">David\u00a0<i>&#8216;Tata&#8217;<\/i>\u00a0Mart\u00ednez firm\u00f3 su primer contrato profesional con Independiente. El v\u00ednculo se extiende\u00a0hasta diciembre del 2026\u00a0y el futbolistas tendr\u00e1 una cl\u00e1usula de rescisi\u00f3n de\u00a020 millones de d\u00f3lares.<\/p>\n<div class=\"teads-adCall\">\n<p>El volante central oriundo de Florencio Varela\u00a0es un fijo en la reserva dirigida por Pedro Monz\u00f3n.\u00a0Debut\u00f3 en primera el 4 de junio de este a\u00f1o en la derrota por 2 a 1 ante Godoy Cruz\u00a0en Mendoza. Luego disput\u00f3 19 minutos en el empate ante\u00a0Gimnasia en La Plata.\u00a0En esta Copa de la Liga a\u00fan no vio minutos; \u00fanicamente fue suplente en el partido del \u00faltimo fin de semana ante\u00a0Instituto. Adem\u00e1s, form\u00f3 parte del\u00a0selectivo de juveniles que entren\u00f3 Carlos T\u00e9vez durante sus primeros d\u00edas en el club.<\/p>\n<p>La cl\u00e1usula de rescisi\u00f3n acordada en el contrato, lo ubica como uno de los jugadores m\u00e1s valiosos del actual plantel del Rojo.<\/p>\n<\/div>\n","protected":false},"excerpt":{"rendered":"<div class=\"mh-excerpt\"><p>David\u00a0&#8216;Tata&#8217;\u00a0Mart\u00ednez firm\u00f3 su primer contrato profesional con Independiente. El v\u00ednculo se extiende\u00a0hasta diciembre del 2026\u00a0y el futbolistas tendr\u00e1 una cl\u00e1usula de rescisi\u00f3n de\u00a020 millones de d\u00f3lares. El volante central oriundo de Florencio Varela\u00a0es un fijo <a class=\"mh-excerpt-more\" href=\"https:\/\/www.masrojo.com.ar\/home\/2023\/09\/26\/david-martinez-firmo-su-primer-contrato-profesional-con-el-club\/\" title=\"David Mart\u00ednez firm\u00f3 su primer contrato profesional con el club\">[&#8230;]<\/a><\/p>\n<\/div>","protected":false},"author":6,"featured_media":70656,"comment_status":"closed","ping_status":"closed","sticky":false,"template":"","format":"standard","meta":{"_jetpack_memberships_contains_paid_content":false,"footnotes":"","jetpack_publicize_message":"","jetpack_publicize_feature_enabled":true,"jetpack_social_post_already_shared":true,"jetpack_social_options":{"image_generator_settings":{"template":"highway","enabled":false},"version":2}},"categories":[4,6],"tags":[483,712,1190],"class_list":{"0":"post-70655","1":"post","2":"type-post","3":"status-publish","4":"format-standard","5":"has-post-thumbnail","7":"category-actualidad","8":"category-reserva","9":"tag-contrato","10":"tag-juveniles","11":"tag-tata-martinez"},"jetpack_publicize_connections":[],"jetpack_sharing_enabled":true,"jetpack_featured_media_url":"https:\/\/i0.wp.com\/www.masrojo.com.ar\/home\/wp-content\/uploads\/tata-martinez.jpeg?fit=1024%2C768&ssl=1","jetpack_shortlink":"https:\/\/wp.me\/p90W9F-inB","_links":{"self":[{"href":"https:\/\/www.masrojo.com.ar\/home\/wp-json\/wp\/v2\/posts\/70655"}],"collection":[{"href":"https:\/\/www.masrojo.com.ar\/home\/wp-json\/wp\/v2\/posts"}],"about":[{"href":"https:\/\/www.masrojo.com.ar\/home\/wp-json\/wp\/v2\/types\/post"}],"author":[{"embeddable":true,"href":"https:\/\/www.masrojo.com.ar\/home\/wp-json\/wp\/v2\/users\/6"}],"replies":[{"embeddable":true,"href":"https:\/\/www.masrojo.com.ar\/home\/wp-json\/wp\/v2\/comments?post=70655"}],"version-history":[{"count":1,"href":"https:\/\/www.masrojo.com.ar\/home\/wp-json\/wp\/v2\/posts\/70655\/revisions"}],"predecessor-version":[{"id":70662,"href":"https:\/\/www.masrojo.com.ar\/home\/wp-json\/wp\/v2\/posts\/70655\/revisions\/70662"}],"wp:featuredmedia":[{"embeddable":true,"href":"https:\/\/www.masrojo.com.ar\/home\/wp-json\/wp\/v2\/media\/70656"}],"wp:attachment":[{"href":"https:\/\/www.masrojo.com.ar\/home\/wp-json\/wp\/v2\/media?parent=70655"}],"wp:term":[{"taxonomy":"category","embeddable":true,"href":"https:\/\/www.masrojo.com.ar\/home\/wp-json\/wp\/v2\/categories?post=70655"},{"taxonomy":"post_tag","embeddable":true,"href":"https:\/\/www.masrojo.com.ar\/home\/wp-json\/wp\/v2\/tags?post=70655"}],"curies":[{"name":"wp","href":"https:\/\/api.w.org\/{rel}","templated":true}]}}