{"id":71143,"date":"2023-11-05T18:35:35","date_gmt":"2023-11-05T21:35:35","guid":{"rendered":"https:\/\/www.masrojo.com.ar\/home\/?p=71143"},"modified":"2023-11-05T18:35:35","modified_gmt":"2023-11-05T21:35:35","slug":"creo-que-el-entretiempo-fue-clave-para-nosotros","status":"publish","type":"post","link":"https:\/\/www.masrojo.com.ar\/home\/2023\/11\/05\/creo-que-el-entretiempo-fue-clave-para-nosotros\/","title":{"rendered":"\u00abCreo que el entretiempo fue clave para nosotros\u00bb"},"content":{"rendered":"<div>El delantero de Independiente Mat\u00edas Gim\u00e9nez habl\u00f3 luego de la victoria ante Atl\u00e9tico Tucum\u00e1n por 2 a 1 en condici\u00f3n de visitante y cont\u00f3 todas sus sensaciones sobre el partido.<\/div>\n<div><\/div>\n<div>Comenz\u00f3 hablando sobre cu\u00e1l cree que fue la clave para dar vuelta el resultado:\u00a0<em>\u00abLa verdad que feliz. Creo que el entretiempo fue clave para nosotros, si bien en el primer tiempo no jugamos mal, por ah\u00ed sent\u00edamos\u00a0que perd\u00edamos\u00a0en algunos detalles como el gol de ellos pero hablamos eso, salimos m\u00e1s concentrados, salimos decididos y por suerte pudimos dar vuelta el partido que hac\u00eda mucho no lo hac\u00edamos\u00a0as\u00ed que feliz\u00bb.<\/em><\/div>\n<div><b><i>\u00a0<\/i><\/b><\/div>\n<div>Luego, coment\u00f3 cu\u00e1l fue el objetivo que se propuso el plantel para estos \u00faltimos partidos:<i>\u00a0\u00abNos propusimos clasificar entre los primeros cuatro, pelear hasta el final y despu\u00e9s obviamente salir campeones pero vamos pasito a pasito\u00bb.<\/i><\/div>\n<div><b><i>\u00a0<\/i><\/b><\/div>\n<div>Por \u00faltimo, se manifest\u00f3 sobre la chance fallada en el primer tiempo y sobre el triunfo del equipo:<i>\u00a0\u00abMenos mal que ganamos porque tuve una chance muy clara en el primer tiempo, vengo fallando en eso y es algo a trabajar pero por suerte tengo un equipo que me respalda, que me acompa\u00f1a as\u00ed que feliz por el triunfo y por este grupo\u00bb.<\/i><\/div>\n","protected":false},"excerpt":{"rendered":"<div class=\"mh-excerpt\"><p>El delantero de Independiente Mat\u00edas Gim\u00e9nez habl\u00f3 luego de la victoria ante Atl\u00e9tico Tucum\u00e1n por 2 a 1 en condici\u00f3n de visitante y cont\u00f3 todas sus sensaciones sobre el partido. Comenz\u00f3 hablando sobre cu\u00e1l cree <a class=\"mh-excerpt-more\" href=\"https:\/\/www.masrojo.com.ar\/home\/2023\/11\/05\/creo-que-el-entretiempo-fue-clave-para-nosotros\/\" title=\"\u00abCreo que el entretiempo fue clave para nosotros\u00bb\">[&#8230;]<\/a><\/p>\n<\/div>","protected":false},"author":6,"featured_media":69990,"comment_status":"closed","ping_status":"closed","sticky":false,"template":"","format":"standard","meta":{"_jetpack_memberships_contains_paid_content":false,"footnotes":"","jetpack_publicize_message":"","jetpack_publicize_feature_enabled":true,"jetpack_social_post_already_shared":true,"jetpack_social_options":{"image_generator_settings":{"template":"highway","enabled":false},"version":2}},"categories":[4],"tags":[64,141,1149,741],"class_list":{"0":"post-71143","1":"post","2":"type-post","3":"status-publish","4":"format-standard","5":"has-post-thumbnail","7":"category-actualidad","8":"tag-atletico-tucuman","9":"tag-declaraciones","10":"tag-matias-gimenez-rojas","11":"tag-post-partido"},"jetpack_publicize_connections":[],"jetpack_sharing_enabled":true,"jetpack_featured_media_url":"https:\/\/i0.wp.com\/www.masrojo.com.ar\/home\/wp-content\/uploads\/gim.png?fit=696%2C475&ssl=1","jetpack_shortlink":"https:\/\/wp.me\/p90W9F-ivt","_links":{"self":[{"href":"https:\/\/www.masrojo.com.ar\/home\/wp-json\/wp\/v2\/posts\/71143"}],"collection":[{"href":"https:\/\/www.masrojo.com.ar\/home\/wp-json\/wp\/v2\/posts"}],"about":[{"href":"https:\/\/www.masrojo.com.ar\/home\/wp-json\/wp\/v2\/types\/post"}],"author":[{"embeddable":true,"href":"https:\/\/www.masrojo.com.ar\/home\/wp-json\/wp\/v2\/users\/6"}],"replies":[{"embeddable":true,"href":"https:\/\/www.masrojo.com.ar\/home\/wp-json\/wp\/v2\/comments?post=71143"}],"version-history":[{"count":1,"href":"https:\/\/www.masrojo.com.ar\/home\/wp-json\/wp\/v2\/posts\/71143\/revisions"}],"predecessor-version":[{"id":71149,"href":"https:\/\/www.masrojo.com.ar\/home\/wp-json\/wp\/v2\/posts\/71143\/revisions\/71149"}],"wp:featuredmedia":[{"embeddable":true,"href":"https:\/\/www.masrojo.com.ar\/home\/wp-json\/wp\/v2\/media\/69990"}],"wp:attachment":[{"href":"https:\/\/www.masrojo.com.ar\/home\/wp-json\/wp\/v2\/media?parent=71143"}],"wp:term":[{"taxonomy":"category","embeddable":true,"href":"https:\/\/www.masrojo.com.ar\/home\/wp-json\/wp\/v2\/categories?post=71143"},{"taxonomy":"post_tag","embeddable":true,"href":"https:\/\/www.masrojo.com.ar\/home\/wp-json\/wp\/v2\/tags?post=71143"}],"curies":[{"name":"wp","href":"https:\/\/api.w.org\/{rel}","templated":true}]}}