{"id":71188,"date":"2023-11-08T14:50:10","date_gmt":"2023-11-08T17:50:10","guid":{"rendered":"https:\/\/www.masrojo.com.ar\/home\/?p=71188"},"modified":"2023-11-08T14:50:10","modified_gmt":"2023-11-08T17:50:10","slug":"dia-y-hora-confirmado-para-los-cuartos-de-final-de-la-reserva","status":"publish","type":"post","link":"https:\/\/www.masrojo.com.ar\/home\/2023\/11\/08\/dia-y-hora-confirmado-para-los-cuartos-de-final-de-la-reserva\/","title":{"rendered":"D\u00eda y hora confirmado para los cuartos de final de la Reserva"},"content":{"rendered":"<p>La Reserva de Independiente qued\u00f3 entre las cuatro primeras posiciones de la Zona A, por lo que pas\u00f3 a la siguiente instancia de la Copa Proyecci\u00f3n: los playoffs.<\/p>\n<p>Como qued\u00f3 cuarto en la tabla, deber\u00e1 jugar con el primero de la otra zona, que en este caso es Boca Juniors. Ese encuentro ya tiene d\u00eda, fecha y lugar.<\/p>\n<p>Los cuartos de final se jugar\u00e1n en el Estadio Ciudad de Vicente L\u00f3pez de Platense el d\u00eda mi\u00e9rcoles 15 de noviembre a las 20hs.<\/p>\n","protected":false},"excerpt":{"rendered":"<div class=\"mh-excerpt\"><p>La Reserva de Independiente qued\u00f3 entre las cuatro primeras posiciones de la Zona A, por lo que pas\u00f3 a la siguiente instancia de la Copa Proyecci\u00f3n: los playoffs. Como qued\u00f3 cuarto en la tabla, deber\u00e1 <a class=\"mh-excerpt-more\" href=\"https:\/\/www.masrojo.com.ar\/home\/2023\/11\/08\/dia-y-hora-confirmado-para-los-cuartos-de-final-de-la-reserva\/\" title=\"D\u00eda y hora confirmado para los cuartos de final de la Reserva\">[&#8230;]<\/a><\/p>\n<\/div>","protected":false},"author":6,"featured_media":70886,"comment_status":"closed","ping_status":"closed","sticky":false,"template":"","format":"standard","meta":{"_jetpack_memberships_contains_paid_content":false,"footnotes":"","jetpack_publicize_message":"","jetpack_publicize_feature_enabled":true,"jetpack_social_post_already_shared":true,"jetpack_social_options":{"image_generator_settings":{"template":"highway","enabled":false},"version":2}},"categories":[4],"tags":[1040,1186,1198,61],"class_list":{"0":"post-71188","1":"post","2":"type-post","3":"status-publish","4":"format-standard","5":"has-post-thumbnail","7":"category-actualidad","8":"tag-boca-juniors","9":"tag-copa-proyeccion","10":"tag-playoffs","11":"tag-reserva"},"jetpack_publicize_connections":[],"jetpack_sharing_enabled":true,"jetpack_featured_media_url":"https:\/\/i0.wp.com\/www.masrojo.com.ar\/home\/wp-content\/uploads\/reserva-river-plate.jpeg?fit=900%2C586&ssl=1","jetpack_shortlink":"https:\/\/wp.me\/p90W9F-iwc","_links":{"self":[{"href":"https:\/\/www.masrojo.com.ar\/home\/wp-json\/wp\/v2\/posts\/71188"}],"collection":[{"href":"https:\/\/www.masrojo.com.ar\/home\/wp-json\/wp\/v2\/posts"}],"about":[{"href":"https:\/\/www.masrojo.com.ar\/home\/wp-json\/wp\/v2\/types\/post"}],"author":[{"embeddable":true,"href":"https:\/\/www.masrojo.com.ar\/home\/wp-json\/wp\/v2\/users\/6"}],"replies":[{"embeddable":true,"href":"https:\/\/www.masrojo.com.ar\/home\/wp-json\/wp\/v2\/comments?post=71188"}],"version-history":[{"count":1,"href":"https:\/\/www.masrojo.com.ar\/home\/wp-json\/wp\/v2\/posts\/71188\/revisions"}],"predecessor-version":[{"id":71194,"href":"https:\/\/www.masrojo.com.ar\/home\/wp-json\/wp\/v2\/posts\/71188\/revisions\/71194"}],"wp:featuredmedia":[{"embeddable":true,"href":"https:\/\/www.masrojo.com.ar\/home\/wp-json\/wp\/v2\/media\/70886"}],"wp:attachment":[{"href":"https:\/\/www.masrojo.com.ar\/home\/wp-json\/wp\/v2\/media?parent=71188"}],"wp:term":[{"taxonomy":"category","embeddable":true,"href":"https:\/\/www.masrojo.com.ar\/home\/wp-json\/wp\/v2\/categories?post=71188"},{"taxonomy":"post_tag","embeddable":true,"href":"https:\/\/www.masrojo.com.ar\/home\/wp-json\/wp\/v2\/tags?post=71188"}],"curies":[{"name":"wp","href":"https:\/\/api.w.org\/{rel}","templated":true}]}}