{"id":71235,"date":"2023-11-13T13:34:31","date_gmt":"2023-11-13T16:34:31","guid":{"rendered":"https:\/\/www.masrojo.com.ar\/home\/?p=71235"},"modified":"2023-11-13T13:34:31","modified_gmt":"2023-11-13T16:34:31","slug":"tevez-enojado-es-importante-ver-donde-estamos-y-de-donde-salimos","status":"publish","type":"post","link":"https:\/\/www.masrojo.com.ar\/home\/2023\/11\/13\/tevez-enojado-es-importante-ver-donde-estamos-y-de-donde-salimos\/","title":{"rendered":"T\u00e9vez enojado: \u00abEs importante ver d\u00f3nde estamos y de d\u00f3nde salimos\u00bb"},"content":{"rendered":"<p>Carlos Tevez, director t\u00e9cnico de\u00a0Independiente, expres\u00f3 su enojo en conferencia de prensa, luego del empate por 0-0 ante\u00a0Banfield, en condici\u00f3n de local, por la fecha 13 de la Zona A de la\u00a0Copa Liga Profesional.<\/p>\n<p>\u00abQuiero felicitar a mis jugadores, es dif\u00edcil no pensar en la primera conferencia de prensa que me sent\u00e9 ac\u00e1. Es meritorio, hay que felicitar a los muchachos, hoy se tiran de cabeza, podemos hacer dos pases. Tambi\u00e9n hay que entender quehay que apoyar a los jugadores. Me molesta el murmullo, que no se reconozca a los chicos\u00bb.<\/p>\n<p>Y agreg\u00f3: \u00abEllos trabajan, son 100 por ciento profesionales y mi reconocimiento en la conferencia de prensa es hacia ellos porque gracias a ellos hace dos fechas que no estamos peleando el descenso.\u00a0Estoy muy caliente\u00a0por ese tema. Es bueno que todos crezcamos\u00bb.<\/p>\n<p>El Apache no ocult\u00f3 su malestar y reiter\u00f3: \u00abHoy estoy enojado. Pero entiendo y\u00a0solo recuerdo que cuando me sent\u00e9 ac\u00e1 la primera vez solo se hablaba del descenso y hoy estamos peleando por entrar entre los cuatro\u00bb.<\/p>\n<p>Cuando le pidieron un an\u00e1lisis del 0-0 en Avellaneda, Tevez remarc\u00f3: \u00abEl partido fue chato, peleado. Casi no se jug\u00f3. Los primeros 30 minutos no hicimos lo que entrenamos, luego empezamos a jugar un poco m\u00e1s. En el segundo tiempo empezamos a jugar con la intensidad que sabemos, pero\u00a0en ning\u00fan momento fuimos claros. \u00bfAtencio? Los juveniles si quieren los pongo y despu\u00e9s si quieren hacen murmullos\u00bb.<\/p>\n<p>\u00abEs importante ver d\u00f3nde estamos y de d\u00f3nde salimos&#8230;y de d\u00f3nde salimos&#8230;y de d\u00f3nde salimos.\u00a0Yo no quiero cambiar al hincha de Independiente, solamente que entienda el proceso. El hincha siempre va a exigir y en eso estoy de acuerdo, pero no nos olvidemos de d\u00f3nde venimos.\u00a0Cuando perdemos, que me puteen a m\u00ed, pero cuando ganamos que aplaudan a los chicos. Hace tres meses no pod\u00edan levantar las piernas y hoy peleamos el campeonato, de igual a igual a cualquiera. Como el reconocimiento no viene, los felicito yo. Estan poniendo a Independiente donde tiene que estar\u00bb, cerr\u00f3.<\/p>\n","protected":false},"excerpt":{"rendered":"<div class=\"mh-excerpt\"><p>Carlos Tevez, director t\u00e9cnico de\u00a0Independiente, expres\u00f3 su enojo en conferencia de prensa, luego del empate por 0-0 ante\u00a0Banfield, en condici\u00f3n de local, por la fecha 13 de la Zona A de la\u00a0Copa Liga Profesional. \u00abQuiero <a class=\"mh-excerpt-more\" href=\"https:\/\/www.masrojo.com.ar\/home\/2023\/11\/13\/tevez-enojado-es-importante-ver-donde-estamos-y-de-donde-salimos\/\" title=\"T\u00e9vez enojado: \u00abEs importante ver d\u00f3nde estamos y de d\u00f3nde salimos\u00bb\">[&#8230;]<\/a><\/p>\n<\/div>","protected":false},"author":6,"featured_media":71227,"comment_status":"closed","ping_status":"closed","sticky":false,"template":"","format":"standard","meta":{"_jetpack_memberships_contains_paid_content":false,"footnotes":"","jetpack_publicize_message":"","jetpack_publicize_feature_enabled":true,"jetpack_social_post_already_shared":true,"jetpack_social_options":{"image_generator_settings":{"template":"highway","enabled":false},"version":2}},"categories":[4],"tags":[282,1180,81,741],"class_list":{"0":"post-71235","1":"post","2":"type-post","3":"status-publish","4":"format-standard","5":"has-post-thumbnail","7":"category-actualidad","8":"tag-banfield","9":"tag-carlos-tevez","10":"tag-conferencia-de-prensa","11":"tag-post-partido"},"jetpack_publicize_connections":[],"jetpack_sharing_enabled":true,"jetpack_featured_media_url":"https:\/\/i0.wp.com\/www.masrojo.com.ar\/home\/wp-content\/uploads\/tevez-banfield.jpeg?fit=900%2C582&ssl=1","jetpack_shortlink":"https:\/\/wp.me\/p90W9F-iwX","_links":{"self":[{"href":"https:\/\/www.masrojo.com.ar\/home\/wp-json\/wp\/v2\/posts\/71235"}],"collection":[{"href":"https:\/\/www.masrojo.com.ar\/home\/wp-json\/wp\/v2\/posts"}],"about":[{"href":"https:\/\/www.masrojo.com.ar\/home\/wp-json\/wp\/v2\/types\/post"}],"author":[{"embeddable":true,"href":"https:\/\/www.masrojo.com.ar\/home\/wp-json\/wp\/v2\/users\/6"}],"replies":[{"embeddable":true,"href":"https:\/\/www.masrojo.com.ar\/home\/wp-json\/wp\/v2\/comments?post=71235"}],"version-history":[{"count":1,"href":"https:\/\/www.masrojo.com.ar\/home\/wp-json\/wp\/v2\/posts\/71235\/revisions"}],"predecessor-version":[{"id":71241,"href":"https:\/\/www.masrojo.com.ar\/home\/wp-json\/wp\/v2\/posts\/71235\/revisions\/71241"}],"wp:featuredmedia":[{"embeddable":true,"href":"https:\/\/www.masrojo.com.ar\/home\/wp-json\/wp\/v2\/media\/71227"}],"wp:attachment":[{"href":"https:\/\/www.masrojo.com.ar\/home\/wp-json\/wp\/v2\/media?parent=71235"}],"wp:term":[{"taxonomy":"category","embeddable":true,"href":"https:\/\/www.masrojo.com.ar\/home\/wp-json\/wp\/v2\/categories?post=71235"},{"taxonomy":"post_tag","embeddable":true,"href":"https:\/\/www.masrojo.com.ar\/home\/wp-json\/wp\/v2\/tags?post=71235"}],"curies":[{"name":"wp","href":"https:\/\/api.w.org\/{rel}","templated":true}]}}