{"id":71587,"date":"2023-12-09T16:48:49","date_gmt":"2023-12-09T19:48:49","guid":{"rendered":"https:\/\/www.masrojo.com.ar\/home\/?p=71587"},"modified":"2024-02-01T12:32:06","modified_gmt":"2024-02-01T15:32:06","slug":"crei-que-no-hubo-reciprocidad-para-buscar-una-vuelta-como-me-hubiese-gustado","status":"publish","type":"post","link":"https:\/\/www.masrojo.com.ar\/home\/2023\/12\/09\/crei-que-no-hubo-reciprocidad-para-buscar-una-vuelta-como-me-hubiese-gustado\/","title":{"rendered":"\u00abCre\u00ed que no hubo reciprocidad para buscar una vuelta como me hubiese gustado\u00bb"},"content":{"rendered":"<p>El delantero Silvio Romero habl\u00f3 sobre su vuelta a Independiente y su pronta salida del club de Avellaneda. El cordob\u00e9s salido de Instituto estuvo en Independiente desde el a\u00f1o 2018 hasta el 2022, donde se fue a pr\u00e9stamo al Fortaleza de Brasil. Debido a la culminaci\u00f3n de su contrato, deber\u00e1 regresar al Rojo de Avellaneda, pero rescindir\u00e1 y buscar\u00e1 su futuro en otra instituci\u00f3n. En LaRed, Silvio coment\u00f3 sus razones para tomar dicha decisi\u00f3n y c\u00f3mo se llevar\u00e1 a cabo.<\/p>\n<p><i>\u201cFueron dos a\u00f1os muy buenos en Fortaleza, jugu\u00e9 99 partidos. Tendr\u00eda que volver a Independiente, pero voy a rescindir contrato. Por ah\u00ed es beneficioso para ambos porque el club tiene otras prioridades y yo quiero seguir compitiendo. Est\u00e1 todo dado para la semana que viene firmar la rescisi\u00f3n\u00bb<\/i><\/p>\n<p>Por parte, el cordob\u00e9s coment\u00f3 que desea priorizar su futuro futbol\u00edstico que econ\u00f3mico:\u00a0 <i>\u201cSiempre les fui claro a Independiente, nunca mi intenci\u00f3n fue irme libre del club, tampoco ahora. Vamos a llegar a un acuerdo para que las dos partes queden bien paradas. No es la idea aferrarme a un contrato porque sea bueno econ\u00f3micamente nom\u00e1s\u201d<\/i><\/p>\n<p>A\u00fan as\u00ed, demostr\u00f3 inter\u00e9s en volver a vestir la camiseta de Independiente, pero no cree ser del agrado de Carlos T\u00e9vez: <em>\u00abTal vez la b\u00fasqueda pasa por otro lado. No habl\u00e9 con el entrenador, pero vi que jugaban con delanteros de otras caracter\u00edsticas que las m\u00edas. Por ah\u00ed buscan eso, que es super respetable. Cre\u00ed que no hubo reciprocidad para buscar una vuelta como me hubiese gustado\u00bb.<\/em><\/p>\n<p><i><b>\u00abDesde mi lugar le deseo lo mejor a Independiente. Es un club enorme y aparentemente se est\u00e1n acomodando las cosas. En mi \u00e9poca era dif\u00edcil ser capit\u00e1n, pero ten\u00edamos un grupo muy bueno. Siempre estuvo lo grupal por encima de lo individual\u201d, <\/b>concluy\u00f3<b>.<\/b><\/i><\/p>\n","protected":false},"excerpt":{"rendered":"<div class=\"mh-excerpt\"><p>El delantero Silvio Romero habl\u00f3 sobre su vuelta a Independiente y su pronta salida del club de Avellaneda. El cordob\u00e9s salido de Instituto estuvo en Independiente desde el a\u00f1o 2018 hasta el 2022, donde se <a class=\"mh-excerpt-more\" href=\"https:\/\/www.masrojo.com.ar\/home\/2023\/12\/09\/crei-que-no-hubo-reciprocidad-para-buscar-una-vuelta-como-me-hubiese-gustado\/\" title=\"\u00abCre\u00ed que no hubo reciprocidad para buscar una vuelta como me hubiese gustado\u00bb\">[&#8230;]<\/a><\/p>\n<\/div>","protected":false},"author":6,"featured_media":71588,"comment_status":"closed","ping_status":"closed","sticky":false,"template":"","format":"standard","meta":{"_jetpack_memberships_contains_paid_content":false,"footnotes":"","jetpack_publicize_message":"","jetpack_publicize_feature_enabled":true,"jetpack_social_post_already_shared":true,"jetpack_social_options":{"image_generator_settings":{"template":"highway","enabled":false},"version":2}},"categories":[4],"tags":[141,934,19,237],"class_list":{"0":"post-71587","1":"post","2":"type-post","3":"status-publish","4":"format-standard","5":"has-post-thumbnail","7":"category-actualidad","8":"tag-declaraciones","9":"tag-fortaleza","10":"tag-mercado-de-pases","11":"tag-silvio-romero"},"jetpack_publicize_connections":[],"jetpack_sharing_enabled":true,"jetpack_featured_media_url":"https:\/\/i0.wp.com\/www.masrojo.com.ar\/home\/wp-content\/uploads\/silvio.jpg?fit=1245%2C659&ssl=1","jetpack_shortlink":"https:\/\/wp.me\/p90W9F-iCD","_links":{"self":[{"href":"https:\/\/www.masrojo.com.ar\/home\/wp-json\/wp\/v2\/posts\/71587"}],"collection":[{"href":"https:\/\/www.masrojo.com.ar\/home\/wp-json\/wp\/v2\/posts"}],"about":[{"href":"https:\/\/www.masrojo.com.ar\/home\/wp-json\/wp\/v2\/types\/post"}],"author":[{"embeddable":true,"href":"https:\/\/www.masrojo.com.ar\/home\/wp-json\/wp\/v2\/users\/6"}],"replies":[{"embeddable":true,"href":"https:\/\/www.masrojo.com.ar\/home\/wp-json\/wp\/v2\/comments?post=71587"}],"version-history":[{"count":1,"href":"https:\/\/www.masrojo.com.ar\/home\/wp-json\/wp\/v2\/posts\/71587\/revisions"}],"predecessor-version":[{"id":71594,"href":"https:\/\/www.masrojo.com.ar\/home\/wp-json\/wp\/v2\/posts\/71587\/revisions\/71594"}],"wp:featuredmedia":[{"embeddable":true,"href":"https:\/\/www.masrojo.com.ar\/home\/wp-json\/wp\/v2\/media\/71588"}],"wp:attachment":[{"href":"https:\/\/www.masrojo.com.ar\/home\/wp-json\/wp\/v2\/media?parent=71587"}],"wp:term":[{"taxonomy":"category","embeddable":true,"href":"https:\/\/www.masrojo.com.ar\/home\/wp-json\/wp\/v2\/categories?post=71587"},{"taxonomy":"post_tag","embeddable":true,"href":"https:\/\/www.masrojo.com.ar\/home\/wp-json\/wp\/v2\/tags?post=71587"}],"curies":[{"name":"wp","href":"https:\/\/api.w.org\/{rel}","templated":true}]}}