{"id":71769,"date":"2023-12-28T14:54:10","date_gmt":"2023-12-28T17:54:10","guid":{"rendered":"https:\/\/www.masrojo.com.ar\/home\/?p=71769"},"modified":"2024-02-22T07:57:30","modified_gmt":"2024-02-22T10:57:30","slug":"se-esta-armando-el-plan-que-le-planteamos-a-la-dirigencia","status":"publish","type":"post","link":"https:\/\/www.masrojo.com.ar\/home\/2023\/12\/28\/se-esta-armando-el-plan-que-le-planteamos-a-la-dirigencia\/","title":{"rendered":"\u00abSe est\u00e1 armando el plan que le planteamos a la dirigencia\u00bb"},"content":{"rendered":"<p>En el d\u00eda de hoy, Carlos T\u00e9vez habl\u00f3 en conferencia de prensa luego del entrenamiento y habl\u00f3 sobre el mercado de pases y el futuro del equipo. Se mostr\u00f3 conforme con el mismo y cont\u00f3 que hab\u00eda elegido a Alan Franco para reforzar la defensa.<\/p>\n<p><b><i>\u00abAlan es muy hincha de Independiente. Se lo dije a \u00e9l por tel\u00e9fono: &#8216;Te necesito ac\u00e1 para pelear el campeonato&#8217;. Despu\u00e9s son negociaciones de \u00e9l con el club, no es f\u00e1cil\u00bb. Cabe destacar que el defensor cuenta con un contrato hasta 2025 con el equipo brasilero Sao Pablo.\u00a0<\/i><\/b><\/p>\n<p>Pasado el primer entrenamiento, T\u00e9vez coment\u00f3 sus gustos a la hora de armas el equipo y dijo que Johnny Qui\u00f1\u00f3nez era para el puesto que busca:<i><b>\u00a0\u00abMe gusta el volante de \u00e1rea a \u00e1rea, no tanto el posicional. Fue lo que m\u00e1s nos cost\u00f3 el a\u00f1o pasado, pero no hay muchos as\u00ed. Tratamos de buscar. Johnny Qui\u00f1\u00f3nez es prioridad porque me gusta, sino se puede buscaremos una alternativa, que nos sirva y no nos salga tan caro\u00bb.<\/b><\/i><\/p>\n<p>A su vez, luego de que lleguen los refuerzos en este mercado de pases liderado por el mismo Carlos T\u00e9vez dijo: <i>\u00a0\u00ab<b>Estoy contento<\/b>. Se est\u00e1 armando el plan que le planteamos a la dirigencia. Tenemos chicos como<b>\u00a0Sporle y Puch que tienen m\u00e1s experiencia en Primera, con varios partidos<\/b>. Necesit\u00e1bamos que alguien le pelee a Dami\u00e1n (P\u00e9rez) en el ala izquierda.<b>\u00a0Luna es una apuesta que creo que podemos hacerlo crecer much\u00edsimo y puede pelearle el puesto a cualquiera de los grandes.<\/b>\u00a0Nos falta un mediocampista y un defensor, con eso estaremos\u00bb.<\/i><\/p>\n<p>M\u00e1s all\u00e1 de las posiciones que buscar\u00e1n reforzar, Tevez evit\u00f3 dar precisiones:\u00a0<i><b>\u00ab\u00c1valos era prioridad. No voy a dar nombres en otras posiciones porque si no otro equipo va a buscarlo y ah\u00ed empieza la pelea de qui\u00e9n pone m\u00e1s plata y nosotros plata no tenemos\u00bb<\/b><\/i>.<\/p>\n<p>Tambi\u00e9n, mp dej\u00f3 fuera el hablar de los jugadores de la Reserva, que este a\u00f1o salieron campeones de la Copa Proyecci\u00f3n:\u00a0 <i>\u00abAtencio tiene 21 a\u00f1os, no es un juvenil. Quiroga tiene 21 a\u00f1os, no es un juvenil. Parmo y Santi L\u00f3pez tiene 17, s\u00ed son juveniles. Hay chicos de la Reserva campeona que no eran juveniles, hay una controversia con eso.\u00a0<b>Hay que entender que somos Independiente, no podemos jugar con eso, tenemos que ir a lo seguro<\/b>\u00ab<\/i>.<\/p>\n<p><i>\u00abSi lo ponemos en un partido importante y se cae, \u00bfde qui\u00e9n es la culpa? Yo pienso en Independiente. <b>Si realmente decimos que somos el Rey de Copas, lo teneos que demostrar. Me puedo equivocar, pero creo que lo que pongo en cancha es lo mejor para Independiente. Cuando hablamos de los chicos hay que ser m\u00e1s cautos.\u00a0<\/b>Obvio que todos queremos que jueguen los chicos, que son el patrimonio, pero lleva un proceso<\/i>\u00ab.<\/p>\n<p>Para cerrar la conferencia, el DT habl\u00f3 sobre los jugadores que podr\u00edan irse del Rojo:\u00a0 <i>\u00abLa gente tiene que entender que\u00a0<b>para traer, Independiente tiene que vender un poco.<\/b>\u00a0Hoy es muy dif\u00edcil comprar o traer a pr\u00e9stamo porque te piden mucha plata.\u00a0<b>Independiente debe invertir, pero no endeudarse, en eso trabajamos con los directivos y creo que lo estamos haciendo bien.<\/b>\u00a0Falta much\u00edsimo, pueden irse y venir jugadores, pero queremos armar el mejor plantel posible\u00bb<\/i>.<\/p>\n<div class=\"watchto-wrap\" data-mrf-recirculation=\"Intext Widget\">\n<div class=\"watchto\">\n<p>Finalmente, coment\u00f3 que no traer\u00e1 a Nicol\u00e1s Domingo, campe\u00f3n en el Maracan\u00e1 de la Copa Sudamericana en 2017:<i><b>\u00a0\u00abLe tengo un gran respeto. Surgi\u00f3 del club, es muy querido, pero tengo chicos como Iv\u00e1n\u00a0<\/b>(Marcone)\u00a0<b>o Rodrigo<\/b>\u00a0(Rey)\u00a0<b>que son referentes y creo que sumar a Nico y que no juegue era mentirle de entrada. No era justo y decid\u00ed no traerlo para no faltarle el respeto\u00bb.<\/b><\/i><\/p>\n<\/div>\n<\/div>\n","protected":false},"excerpt":{"rendered":"<div class=\"mh-excerpt\"><p>En el d\u00eda de hoy, Carlos T\u00e9vez habl\u00f3 en conferencia de prensa luego del entrenamiento y habl\u00f3 sobre el mercado de pases y el futuro del equipo. Se mostr\u00f3 conforme con el mismo y cont\u00f3 <a class=\"mh-excerpt-more\" href=\"https:\/\/www.masrojo.com.ar\/home\/2023\/12\/28\/se-esta-armando-el-plan-que-le-planteamos-a-la-dirigencia\/\" title=\"\u00abSe est\u00e1 armando el plan que le planteamos a la dirigencia\u00bb\">[&#8230;]<\/a><\/p>\n<\/div>","protected":false},"author":6,"featured_media":70386,"comment_status":"closed","ping_status":"closed","sticky":false,"template":"","format":"standard","meta":{"_jetpack_memberships_contains_paid_content":false,"footnotes":"","jetpack_publicize_message":"","jetpack_publicize_feature_enabled":true,"jetpack_social_post_already_shared":true,"jetpack_social_options":{"image_generator_settings":{"template":"highway","enabled":false},"version":2}},"categories":[4],"tags":[1180,81,27,201],"class_list":{"0":"post-71769","1":"post","2":"type-post","3":"status-publish","4":"format-standard","5":"has-post-thumbnail","7":"category-actualidad","8":"tag-carlos-tevez","9":"tag-conferencia-de-prensa","10":"tag-entrenamiento","11":"tag-pretemporada"},"jetpack_publicize_connections":[],"jetpack_sharing_enabled":true,"jetpack_featured_media_url":"https:\/\/i0.wp.com\/www.masrojo.com.ar\/home\/wp-content\/uploads\/tevez-3.png?fit=1004%2C523&ssl=1","jetpack_shortlink":"https:\/\/wp.me\/p90W9F-iFz","_links":{"self":[{"href":"https:\/\/www.masrojo.com.ar\/home\/wp-json\/wp\/v2\/posts\/71769"}],"collection":[{"href":"https:\/\/www.masrojo.com.ar\/home\/wp-json\/wp\/v2\/posts"}],"about":[{"href":"https:\/\/www.masrojo.com.ar\/home\/wp-json\/wp\/v2\/types\/post"}],"author":[{"embeddable":true,"href":"https:\/\/www.masrojo.com.ar\/home\/wp-json\/wp\/v2\/users\/6"}],"replies":[{"embeddable":true,"href":"https:\/\/www.masrojo.com.ar\/home\/wp-json\/wp\/v2\/comments?post=71769"}],"version-history":[{"count":1,"href":"https:\/\/www.masrojo.com.ar\/home\/wp-json\/wp\/v2\/posts\/71769\/revisions"}],"predecessor-version":[{"id":71775,"href":"https:\/\/www.masrojo.com.ar\/home\/wp-json\/wp\/v2\/posts\/71769\/revisions\/71775"}],"wp:featuredmedia":[{"embeddable":true,"href":"https:\/\/www.masrojo.com.ar\/home\/wp-json\/wp\/v2\/media\/70386"}],"wp:attachment":[{"href":"https:\/\/www.masrojo.com.ar\/home\/wp-json\/wp\/v2\/media?parent=71769"}],"wp:term":[{"taxonomy":"category","embeddable":true,"href":"https:\/\/www.masrojo.com.ar\/home\/wp-json\/wp\/v2\/categories?post=71769"},{"taxonomy":"post_tag","embeddable":true,"href":"https:\/\/www.masrojo.com.ar\/home\/wp-json\/wp\/v2\/tags?post=71769"}],"curies":[{"name":"wp","href":"https:\/\/api.w.org\/{rel}","templated":true}]}}