{"id":71776,"date":"2023-12-28T15:04:16","date_gmt":"2023-12-28T18:04:16","guid":{"rendered":"https:\/\/www.masrojo.com.ar\/home\/?p=71776"},"modified":"2024-02-22T07:57:30","modified_gmt":"2024-02-22T10:57:30","slug":"santi-lopez-no-va-a-la-pretemporada","status":"publish","type":"post","link":"https:\/\/www.masrojo.com.ar\/home\/2023\/12\/28\/santi-lopez-no-va-a-la-pretemporada\/","title":{"rendered":"\u00bfSanti L\u00f3pez no va a la pretemporada?"},"content":{"rendered":"<p>Lo cierto es que peligra su participaci\u00f3n en la pretemporada que se desarrollar\u00e1 en Miami. Esto sucede porque el juvenil todav\u00eda no renov\u00f3 su v\u00ednculo con Independiente que finaliza en diciembre de 2024.<\/p>\n<p><b>La decisi\u00f3n fue tomada por la Comisi\u00f3n Directiva del club<\/b>, y es exclusivamente porque el joven delantero sigue sin extender su v\u00ednculo con\u00a0<b>Independiente\u00a0<\/b>que finaliza en un a\u00f1o. Las partes ven\u00edan hablando desde hace varios d\u00edas para evitar este conflicto, pero no hubo acuerdo ni renovaci\u00f3n.<\/p>\n<p>La idea de la CD del Rojo era que\u00a0<b>Santi L\u00f3pez firme un nuevo contrato con el club por tres temporadas m\u00e1s<\/b>,\u00a0<b>hasta diciembre de 2027<\/b>, con una suba de su cl\u00e1usula de recisi\u00f3n que por ahora es de 15 millones de d\u00f3lares. Cabe resaltar que el delantero fue una de las figuras de la\u00a0<b>Selecci\u00f3n Argentina<\/b>\u00a0en el\u00a0<b>Mundial Sub 17 de Indonesia<\/b>\u00a0disputado en noviembre de este a\u00f1o.<\/p>\n<p>Lo cierto es que,\u00a0<b>mientras no haya acuerdo entre la representaci\u00f3n del jugador e Independiente, L\u00f3pez no entrenar\u00e1 m\u00e1s con el primer equipo<\/b>, m\u00e1s all\u00e1 del deseo del DT, quien en conferencia de prensa dej\u00f3 en claro que su intenci\u00f3n es llevarlo a Miami para hacer la pretemporada.<\/p>\n<p><i>\u00ab<b>Yo tengo en la lista que Santi (L\u00f3pez) va<\/b>. Si la dirigencia toma otra decisi\u00f3n ser\u00e1 cosa de la dirigencia que me tendr\u00e1 que informar r\u00e1pido porque ya nos vamos. Me sorprende porque no estoy enterado.\u00a0<b><u>S\u00e9 el problema que hay, no me hago el bolu&#8230; pero si hay una decisi\u00f3n que tom\u00f3 el club me la tendr\u00e1 que informar<\/u><\/b>\u00ab<\/i>, sentenci\u00f3 Carlitos.<\/p>\n<p>Adem\u00e1s, en la misma sinton\u00eda agreg\u00f3:\u00a0<i>\u00abEs un tema muy personal, que tiene que arreglar \u00e9l con su familia. Yo no puedo influir en en la decisi\u00f3n que \u00e9l tome porque yo quiero que se quede, puedo aconsejarlo para bien o para mal, no ser\u00eda justo en este momento.\u00a0<b>En los entrenamientos lo tengo en cuenta como a uno m\u00e1s, si la dirigencia no quiere que vaya a la pretemporada es un tema del club, no m\u00edo<\/b>\u00ab.<\/i><\/p>\n","protected":false},"excerpt":{"rendered":"<div class=\"mh-excerpt\"><p>Lo cierto es que peligra su participaci\u00f3n en la pretemporada que se desarrollar\u00e1 en Miami. Esto sucede porque el juvenil todav\u00eda no renov\u00f3 su v\u00ednculo con Independiente que finaliza en diciembre de 2024. La decisi\u00f3n <a class=\"mh-excerpt-more\" href=\"https:\/\/www.masrojo.com.ar\/home\/2023\/12\/28\/santi-lopez-no-va-a-la-pretemporada\/\" title=\"\u00bfSanti L\u00f3pez no va a la pretemporada?\">[&#8230;]<\/a><\/p>\n<\/div>","protected":false},"author":6,"featured_media":67556,"comment_status":"closed","ping_status":"closed","sticky":false,"template":"","format":"standard","meta":{"_jetpack_memberships_contains_paid_content":false,"footnotes":"","jetpack_publicize_message":"","jetpack_publicize_feature_enabled":true,"jetpack_social_post_already_shared":true,"jetpack_social_options":{"image_generator_settings":{"template":"highway","enabled":false},"version":2}},"categories":[4],"tags":[1180,81,201,1132],"class_list":{"0":"post-71776","1":"post","2":"type-post","3":"status-publish","4":"format-standard","5":"has-post-thumbnail","7":"category-actualidad","8":"tag-carlos-tevez","9":"tag-conferencia-de-prensa","10":"tag-pretemporada","11":"tag-santiago-lopez"},"jetpack_publicize_connections":[],"jetpack_sharing_enabled":true,"jetpack_featured_media_url":"https:\/\/i0.wp.com\/www.masrojo.com.ar\/home\/wp-content\/uploads\/santi-lopez.jpg?fit=1200%2C800&ssl=1","jetpack_shortlink":"https:\/\/wp.me\/p90W9F-iFG","_links":{"self":[{"href":"https:\/\/www.masrojo.com.ar\/home\/wp-json\/wp\/v2\/posts\/71776"}],"collection":[{"href":"https:\/\/www.masrojo.com.ar\/home\/wp-json\/wp\/v2\/posts"}],"about":[{"href":"https:\/\/www.masrojo.com.ar\/home\/wp-json\/wp\/v2\/types\/post"}],"author":[{"embeddable":true,"href":"https:\/\/www.masrojo.com.ar\/home\/wp-json\/wp\/v2\/users\/6"}],"replies":[{"embeddable":true,"href":"https:\/\/www.masrojo.com.ar\/home\/wp-json\/wp\/v2\/comments?post=71776"}],"version-history":[{"count":1,"href":"https:\/\/www.masrojo.com.ar\/home\/wp-json\/wp\/v2\/posts\/71776\/revisions"}],"predecessor-version":[{"id":71782,"href":"https:\/\/www.masrojo.com.ar\/home\/wp-json\/wp\/v2\/posts\/71776\/revisions\/71782"}],"wp:featuredmedia":[{"embeddable":true,"href":"https:\/\/www.masrojo.com.ar\/home\/wp-json\/wp\/v2\/media\/67556"}],"wp:attachment":[{"href":"https:\/\/www.masrojo.com.ar\/home\/wp-json\/wp\/v2\/media?parent=71776"}],"wp:term":[{"taxonomy":"category","embeddable":true,"href":"https:\/\/www.masrojo.com.ar\/home\/wp-json\/wp\/v2\/categories?post=71776"},{"taxonomy":"post_tag","embeddable":true,"href":"https:\/\/www.masrojo.com.ar\/home\/wp-json\/wp\/v2\/tags?post=71776"}],"curies":[{"name":"wp","href":"https:\/\/api.w.org\/{rel}","templated":true}]}}