{"id":71783,"date":"2023-12-28T15:09:36","date_gmt":"2023-12-28T18:09:36","guid":{"rendered":"https:\/\/www.masrojo.com.ar\/home\/?p=71783"},"modified":"2024-02-22T07:57:30","modified_gmt":"2024-02-22T10:57:30","slug":"los-refuerzos-ya-se-estan-entrenando-en-villa-dominico","status":"publish","type":"post","link":"https:\/\/www.masrojo.com.ar\/home\/2023\/12\/28\/los-refuerzos-ya-se-estan-entrenando-en-villa-dominico\/","title":{"rendered":"Los refuerzos ya se est\u00e1n entrenando en Villa Dom\u00ednico"},"content":{"rendered":"<p class=\"capital\">El plantel de<b>\u00a0Independiente<\/b>\u00a0comenz\u00f3 con la pretemporada de cara al 2024 y uno de los jugadores que se sum\u00f3 a los entrenamientos como refuerzo confirmado fue\u00a0<b>Adri\u00e1n Sp\u00f6rle<\/b>, ex lateral izquierdo de Arsenal.<\/p>\n<div id=\"ad-slot-inline1\" class=\"ad-slot-inline1 ad-slot\" data-adzonerun=\"1\" data-adtype=\"inline1\" data-google-query-id=\"CMvNqYncsoMDFdKelQIdCQcC7Q\">\n<p>El futbolista de 28 a\u00f1os ya est\u00e1 bajo las \u00f3rdenes del entrenador\u00a0<b>Carlos Tevez<\/b>, al igual que\u00a0<b>Gabriel \u00c1valos<\/b>,\u00a0<b>Ignacio Maestro Puch<\/b>\u00a0y\u00a0<b>Alex Luna<\/b>. Sin embargo, a\u00fan no firm\u00f3 oficialmente el contrato ni tuvo su presentaci\u00f3n, lo cual que se espera lo haga en las pr\u00f3ximas horas.<\/p>\n<p>Sp\u00f6rle viene de ser parte durante la \u00faltima temporada por el conjunto de Sarand\u00ed, que en octubre pasado fue el primero en descender a la segunda categor\u00eda del f\u00fatbol argentino. Sin embargo, no renov\u00f3 su contrato, lo que lo dej\u00f3 con el pase en su poder y firmar\u00eda por dos a\u00f1os con el Rojo.<\/p>\n<\/div>\n","protected":false},"excerpt":{"rendered":"<div class=\"mh-excerpt\"><p>El plantel de\u00a0Independiente\u00a0comenz\u00f3 con la pretemporada de cara al 2024 y uno de los jugadores que se sum\u00f3 a los entrenamientos como refuerzo confirmado fue\u00a0Adri\u00e1n Sp\u00f6rle, ex lateral izquierdo de Arsenal. El futbolista de 28 <a class=\"mh-excerpt-more\" href=\"https:\/\/www.masrojo.com.ar\/home\/2023\/12\/28\/los-refuerzos-ya-se-estan-entrenando-en-villa-dominico\/\" title=\"Los refuerzos ya se est\u00e1n entrenando en Villa Dom\u00ednico\">[&#8230;]<\/a><\/p>\n<\/div>","protected":false},"author":6,"featured_media":71784,"comment_status":"closed","ping_status":"closed","sticky":false,"template":"","format":"standard","meta":{"_jetpack_memberships_contains_paid_content":false,"footnotes":"","jetpack_publicize_message":"","jetpack_publicize_feature_enabled":true,"jetpack_social_post_already_shared":true,"jetpack_social_options":{"image_generator_settings":{"template":"highway","enabled":false},"version":2}},"categories":[4],"tags":[1219,1216,1215,1220],"class_list":{"0":"post-71783","1":"post","2":"type-post","3":"status-publish","4":"format-standard","5":"has-post-thumbnail","7":"category-actualidad","8":"tag-adrian-sporle","9":"tag-alex-luna","10":"tag-gabriel-avalos","11":"tag-ignacio-maestro-puch"},"jetpack_publicize_connections":[],"jetpack_sharing_enabled":true,"jetpack_featured_media_url":"https:\/\/i0.wp.com\/www.masrojo.com.ar\/home\/wp-content\/uploads\/sporle.jpg?fit=1170%2C826&ssl=1","jetpack_shortlink":"https:\/\/wp.me\/p90W9F-iFN","_links":{"self":[{"href":"https:\/\/www.masrojo.com.ar\/home\/wp-json\/wp\/v2\/posts\/71783"}],"collection":[{"href":"https:\/\/www.masrojo.com.ar\/home\/wp-json\/wp\/v2\/posts"}],"about":[{"href":"https:\/\/www.masrojo.com.ar\/home\/wp-json\/wp\/v2\/types\/post"}],"author":[{"embeddable":true,"href":"https:\/\/www.masrojo.com.ar\/home\/wp-json\/wp\/v2\/users\/6"}],"replies":[{"embeddable":true,"href":"https:\/\/www.masrojo.com.ar\/home\/wp-json\/wp\/v2\/comments?post=71783"}],"version-history":[{"count":1,"href":"https:\/\/www.masrojo.com.ar\/home\/wp-json\/wp\/v2\/posts\/71783\/revisions"}],"predecessor-version":[{"id":71790,"href":"https:\/\/www.masrojo.com.ar\/home\/wp-json\/wp\/v2\/posts\/71783\/revisions\/71790"}],"wp:featuredmedia":[{"embeddable":true,"href":"https:\/\/www.masrojo.com.ar\/home\/wp-json\/wp\/v2\/media\/71784"}],"wp:attachment":[{"href":"https:\/\/www.masrojo.com.ar\/home\/wp-json\/wp\/v2\/media?parent=71783"}],"wp:term":[{"taxonomy":"category","embeddable":true,"href":"https:\/\/www.masrojo.com.ar\/home\/wp-json\/wp\/v2\/categories?post=71783"},{"taxonomy":"post_tag","embeddable":true,"href":"https:\/\/www.masrojo.com.ar\/home\/wp-json\/wp\/v2\/tags?post=71783"}],"curies":[{"name":"wp","href":"https:\/\/api.w.org\/{rel}","templated":true}]}}