{"id":71799,"date":"2023-12-29T15:18:50","date_gmt":"2023-12-29T18:18:50","guid":{"rendered":"https:\/\/www.masrojo.com.ar\/home\/?p=71799"},"modified":"2024-02-22T07:57:30","modified_gmt":"2024-02-22T10:57:30","slug":"firmo-alex-luna-y-es-nuevo-refuerzo-de-independiente","status":"publish","type":"post","link":"https:\/\/www.masrojo.com.ar\/home\/2023\/12\/29\/firmo-alex-luna-y-es-nuevo-refuerzo-de-independiente\/","title":{"rendered":"Firm\u00f3 Alex Luna y es nuevo refuerzo de Independiente"},"content":{"rendered":"<p><b>Independiente se refuerza de cara al 2024 con el objetivo puesto en los torneos locales. En la tarde de hoy, la cuenta oficial del Rojo present\u00f3 a Alex Luna, que viene de jugar en Atl\u00e9tico Rafaela y se quedar\u00e1 vistiendo los colores del Rey de Copas por un a\u00f1o.<\/b><\/p>\n<p><img decoding=\"async\" src=\"https:\/\/pbs.twimg.com\/media\/GCh2bzLW8AAc4F0?format=jpg&amp;name=large\" alt=\"Imagen\" \/><\/p>\n<p>El futbolista de 19 a\u00f1os puso la firma y\u00a0<b>se transform\u00f3 en el tercer refuerzo del equipo de Carlos Tevez,<\/b>\u00a0tras lo que fueron las llegadas de\u00a0<b>Gabriel \u00c1valos\u00a0y\u00a0Adri\u00e1n Sp\u00f6rle<\/b>. El habilidoso mediocampista sell\u00f3 su v\u00ednculo con Independiente a pr\u00e9stamo por una temporada.<\/p>\n<p>Con la llegada de\u00a0<b>Luna<\/b>,\u00a0<u>el Rojo ya abroch\u00f3 tres futbolistas<\/u>\u00a0y el DT est\u00e1 cada vez m\u00e1s cerca de tener el plantel que pretend\u00eda.<i><b>\u00a0\u00abNos falta un mediocampista y un defensor\u00bb<\/b><\/i>, exclam\u00f3\u00a0<b>Carlitos\u00a0<\/b>ayer en conferencia de prensa, ya sabiendo que el volante de Rafaela iba a firmar.<\/p>\n<p>&nbsp;<\/p>\n","protected":false},"excerpt":{"rendered":"<div class=\"mh-excerpt\"><p>Independiente se refuerza de cara al 2024 con el objetivo puesto en los torneos locales. En la tarde de hoy, la cuenta oficial del Rojo present\u00f3 a Alex Luna, que viene de jugar en Atl\u00e9tico <a class=\"mh-excerpt-more\" href=\"https:\/\/www.masrojo.com.ar\/home\/2023\/12\/29\/firmo-alex-luna-y-es-nuevo-refuerzo-de-independiente\/\" title=\"Firm\u00f3 Alex Luna y es nuevo refuerzo de Independiente\">[&#8230;]<\/a><\/p>\n<\/div>","protected":false},"author":6,"featured_media":71800,"comment_status":"closed","ping_status":"closed","sticky":false,"template":"","format":"standard","meta":{"_jetpack_memberships_contains_paid_content":false,"footnotes":"","jetpack_publicize_message":"","jetpack_publicize_feature_enabled":true,"jetpack_social_post_already_shared":true,"jetpack_social_options":{"image_generator_settings":{"template":"highway","enabled":false},"version":2}},"categories":[4],"tags":[1216,19],"class_list":{"0":"post-71799","1":"post","2":"type-post","3":"status-publish","4":"format-standard","5":"has-post-thumbnail","7":"category-actualidad","8":"tag-alex-luna","9":"tag-mercado-de-pases"},"jetpack_publicize_connections":[],"jetpack_sharing_enabled":true,"jetpack_featured_media_url":"https:\/\/i0.wp.com\/www.masrojo.com.ar\/home\/wp-content\/uploads\/alex-luna.jpeg?fit=2048%2C1539&ssl=1","jetpack_shortlink":"https:\/\/wp.me\/p90W9F-iG3","_links":{"self":[{"href":"https:\/\/www.masrojo.com.ar\/home\/wp-json\/wp\/v2\/posts\/71799"}],"collection":[{"href":"https:\/\/www.masrojo.com.ar\/home\/wp-json\/wp\/v2\/posts"}],"about":[{"href":"https:\/\/www.masrojo.com.ar\/home\/wp-json\/wp\/v2\/types\/post"}],"author":[{"embeddable":true,"href":"https:\/\/www.masrojo.com.ar\/home\/wp-json\/wp\/v2\/users\/6"}],"replies":[{"embeddable":true,"href":"https:\/\/www.masrojo.com.ar\/home\/wp-json\/wp\/v2\/comments?post=71799"}],"version-history":[{"count":1,"href":"https:\/\/www.masrojo.com.ar\/home\/wp-json\/wp\/v2\/posts\/71799\/revisions"}],"predecessor-version":[{"id":71808,"href":"https:\/\/www.masrojo.com.ar\/home\/wp-json\/wp\/v2\/posts\/71799\/revisions\/71808"}],"wp:featuredmedia":[{"embeddable":true,"href":"https:\/\/www.masrojo.com.ar\/home\/wp-json\/wp\/v2\/media\/71800"}],"wp:attachment":[{"href":"https:\/\/www.masrojo.com.ar\/home\/wp-json\/wp\/v2\/media?parent=71799"}],"wp:term":[{"taxonomy":"category","embeddable":true,"href":"https:\/\/www.masrojo.com.ar\/home\/wp-json\/wp\/v2\/categories?post=71799"},{"taxonomy":"post_tag","embeddable":true,"href":"https:\/\/www.masrojo.com.ar\/home\/wp-json\/wp\/v2\/tags?post=71799"}],"curies":[{"name":"wp","href":"https:\/\/api.w.org\/{rel}","templated":true}]}}