{"id":71809,"date":"2023-12-30T15:27:23","date_gmt":"2023-12-30T18:27:23","guid":{"rendered":"https:\/\/www.masrojo.com.ar\/home\/?p=71809"},"modified":"2024-02-22T07:57:30","modified_gmt":"2024-02-22T10:57:30","slug":"se-viene-el-cuarto-firmo-ignacio-maestro-puch","status":"publish","type":"post","link":"https:\/\/www.masrojo.com.ar\/home\/2023\/12\/30\/se-viene-el-cuarto-firmo-ignacio-maestro-puch\/","title":{"rendered":"Se viene el cuarto: firm\u00f3 Ignacio Maestro Puch"},"content":{"rendered":"<p class=\"capital\">Firm\u00f3 Ignacio Maestro Puch, el cuarto refuerzo de Independiente que se suma a Gabriel \u00c1valos, Adri\u00e1n Sp\u00f6rle y Alex Luna. El delantero llega a la instituci\u00f3n mediante un pr\u00e9stamo por un a\u00f1o desde Atl\u00e9tico Tucum\u00e1n con una opci\u00f3n de compra de 1.8 milloes de d\u00f3lares por el 50% del pase.<\/p>\n<p><img loading=\"lazy\" decoding=\"async\" class=\"aligncenter\" src=\"https:\/\/pbs.twimg.com\/media\/GCjSWp4WcAEA2sW?format=jpg&amp;name=large\" alt=\"Imagen\" width=\"337\" height=\"421\" \/><\/p>\n<p>Maestro Puch form\u00f3 parte de la Selecci\u00f3n Argentina Sub-20 que disput\u00f3 el Mundial en el pa\u00eds a mediados de a\u00f1o. Tambi\u00e9n, es su regreso al conjunto de Avellaneda, ya que a los 12 a\u00f1os estuvo a prueba en el club y logr\u00f3 un lugar en la pensi\u00f3n. Fue goleador en un torneo exhibici\u00f3n. A\u00fan as\u00ed, volvi\u00f3 a Tucum\u00e1n donde hizo su debut en el \u00ab<em>Decano\u00bb.<\/em><\/p>\n<p>Eso explica la presentaci\u00f3n en las redes sociales. El juego con su apellido, situ\u00e1ndose en un aula de una escuela donde en el escritorio del\u00a0<em>Maestro\u00a0<\/em>se puede ver una foto de Ignacio cuando era parte de la pensi\u00f3n.<\/p>\n<p><img loading=\"lazy\" decoding=\"async\" class=\"aligncenter\" src=\"https:\/\/pbs.twimg.com\/media\/GCjODd-WAAEZPRq?format=jpg&amp;name=large\" alt=\"Imagen\" width=\"505\" height=\"632\" \/><\/p>\n<p>&nbsp;<\/p>\n<div id=\"ad-slot-inline2\" class=\"ad-slot-inline_grande ad-slot\" data-adzonerun=\"1\" data-adtype=\"inline_grande\" data-google-query-id=\"CNqljtj30IMDFbqIlQIdSV0C5g\">\n<div id=\"google_ads_iframe_\/125006397\/tyc\/nota\/inline2_0__container__\"><\/div>\n<\/div>\n","protected":false},"excerpt":{"rendered":"<div class=\"mh-excerpt\"><p>Firm\u00f3 Ignacio Maestro Puch, el cuarto refuerzo de Independiente que se suma a Gabriel \u00c1valos, Adri\u00e1n Sp\u00f6rle y Alex Luna. El delantero llega a la instituci\u00f3n mediante un pr\u00e9stamo por un a\u00f1o desde Atl\u00e9tico Tucum\u00e1n <a class=\"mh-excerpt-more\" href=\"https:\/\/www.masrojo.com.ar\/home\/2023\/12\/30\/se-viene-el-cuarto-firmo-ignacio-maestro-puch\/\" title=\"Se viene el cuarto: firm\u00f3 Ignacio Maestro Puch\">[&#8230;]<\/a><\/p>\n<\/div>","protected":false},"author":6,"featured_media":71801,"comment_status":"closed","ping_status":"closed","sticky":false,"template":"","format":"standard","meta":{"_jetpack_memberships_contains_paid_content":false,"footnotes":"","jetpack_publicize_message":"","jetpack_publicize_feature_enabled":true,"jetpack_social_post_already_shared":true,"jetpack_social_options":{"image_generator_settings":{"template":"highway","enabled":false},"version":2}},"categories":[4],"tags":[1220,19],"class_list":{"0":"post-71809","1":"post","2":"type-post","3":"status-publish","4":"format-standard","5":"has-post-thumbnail","7":"category-actualidad","8":"tag-ignacio-maestro-puch","9":"tag-mercado-de-pases"},"jetpack_publicize_connections":[],"jetpack_sharing_enabled":true,"jetpack_featured_media_url":"https:\/\/i0.wp.com\/www.masrojo.com.ar\/home\/wp-content\/uploads\/maestro-puch.jpeg?fit=2048%2C1539&ssl=1","jetpack_shortlink":"https:\/\/wp.me\/p90W9F-iGd","_links":{"self":[{"href":"https:\/\/www.masrojo.com.ar\/home\/wp-json\/wp\/v2\/posts\/71809"}],"collection":[{"href":"https:\/\/www.masrojo.com.ar\/home\/wp-json\/wp\/v2\/posts"}],"about":[{"href":"https:\/\/www.masrojo.com.ar\/home\/wp-json\/wp\/v2\/types\/post"}],"author":[{"embeddable":true,"href":"https:\/\/www.masrojo.com.ar\/home\/wp-json\/wp\/v2\/users\/6"}],"replies":[{"embeddable":true,"href":"https:\/\/www.masrojo.com.ar\/home\/wp-json\/wp\/v2\/comments?post=71809"}],"version-history":[{"count":1,"href":"https:\/\/www.masrojo.com.ar\/home\/wp-json\/wp\/v2\/posts\/71809\/revisions"}],"predecessor-version":[{"id":71815,"href":"https:\/\/www.masrojo.com.ar\/home\/wp-json\/wp\/v2\/posts\/71809\/revisions\/71815"}],"wp:featuredmedia":[{"embeddable":true,"href":"https:\/\/www.masrojo.com.ar\/home\/wp-json\/wp\/v2\/media\/71801"}],"wp:attachment":[{"href":"https:\/\/www.masrojo.com.ar\/home\/wp-json\/wp\/v2\/media?parent=71809"}],"wp:term":[{"taxonomy":"category","embeddable":true,"href":"https:\/\/www.masrojo.com.ar\/home\/wp-json\/wp\/v2\/categories?post=71809"},{"taxonomy":"post_tag","embeddable":true,"href":"https:\/\/www.masrojo.com.ar\/home\/wp-json\/wp\/v2\/tags?post=71809"}],"curies":[{"name":"wp","href":"https:\/\/api.w.org\/{rel}","templated":true}]}}