{"id":71816,"date":"2024-01-05T15:40:08","date_gmt":"2024-01-05T18:40:08","guid":{"rendered":"https:\/\/www.masrojo.com.ar\/home\/?p=71816"},"modified":"2024-02-22T07:57:30","modified_gmt":"2024-02-22T10:57:30","slug":"jhonny-quinonez-el-quinto","status":"publish","type":"post","link":"https:\/\/www.masrojo.com.ar\/home\/2024\/01\/05\/jhonny-quinonez-el-quinto\/","title":{"rendered":"Jhonny Qui\u00f1\u00f3nez, el quinto."},"content":{"rendered":"<p><b>Jhonny Qui\u00f1\u00f3nez se transforma en el nuevo refuerzo de Independiente de cara al 2024. El mediocampista ecuatoriano llega a Avellaneda desde el Aucas a cambio de un mill\u00f3n de d\u00f3lares por el 50% del pase y su contrato durar\u00e1 hasta diciembre del a\u00f1o 2027.<\/b><\/p>\n<p>Tras la confirmaci\u00f3n, el futbolista dialog\u00f3 con\u00a0<i>DSports<\/i>\u00a0acerca de la posibilidad de arribar al\u00a0<i>Rojo<\/i>:\u00a0<i><b>\u00abHoy estoy viajando para Argentina, estoy ansioso de jugar en Independiente. Quiero hacer un buen papel en el club para llegar a la selecci\u00f3n. <\/b><\/i><i><b>Que T\u00e9vez sea el DT es un plus para llegar a Argentina<\/b>\u00ab<\/i>. Igualmente, confirm\u00f3 que a\u00fan no tuvo la posibilidad de dialogar con el entrenador.<\/p>\n<p>A\u00fan as\u00ed, el DT de Independiente ya hab\u00eda demostrado su inter\u00e9s en el ecuatoriano de 25 a\u00f1os:\u00a0 <i>\u00ab<b>Me gusta el volante de \u00e1rea a \u00e1rea, no tanto el posicional<\/b>. Fue lo que m\u00e1s nos cost\u00f3 el a\u00f1o pasado, pero no hay muchos as\u00ed. Tratamos de buscar.\u00a0<b>Jhonny Qui\u00f1\u00f3nez es prioridad porque me gusta\u00bb<\/b><\/i><\/p>\n<p>Los <strong>n\u00fameros <\/strong>del nacido en Quito en el Aucas son los siguientes: <strong>jug\u00f3 172 partidos<\/strong>, en los cuales convirti\u00f3 <strong>23 goles y 16 asistencias<\/strong>. En el a\u00f1o 2022 cumpli\u00f3 un rol protag\u00f3nico en la <strong>obtenci\u00f3n de la Serie A de Ecuador.<\/strong> En consecuencia, disput\u00f3 la Copa Libertadores 2023, tambi\u00e9n siendo clave en su equipo.<\/p>\n<p>En su venida a Independiente, el jugador cuenta que su objetivo es hacer un buen papel para <strong>volver a vestir la camiseta de su selecci\u00f3n nacional<\/strong>. En el a\u00f1o 2019 debut\u00f3 en el encuentro ante Argentina que termin\u00f3 en goleada de la albiceleste por 6 a 1. Tambi\u00e9n, jug\u00f3 los amistosos ante Bolivia y M\u00e9xico, en las cuales la selecci\u00f3n ecuatoriana sali\u00f3 victoriosa y ante las \u00ab\u00c1guilas\u00bb\u00a0 convirti\u00f3 su \u00fanico gol en el seleccionado. <b><\/b><\/p>\n","protected":false},"excerpt":{"rendered":"<div class=\"mh-excerpt\"><p>Jhonny Qui\u00f1\u00f3nez se transforma en el nuevo refuerzo de Independiente de cara al 2024. El mediocampista ecuatoriano llega a Avellaneda desde el Aucas a cambio de un mill\u00f3n de d\u00f3lares por el 50% del pase <a class=\"mh-excerpt-more\" href=\"https:\/\/www.masrojo.com.ar\/home\/2024\/01\/05\/jhonny-quinonez-el-quinto\/\" title=\"Jhonny Qui\u00f1\u00f3nez, el quinto.\">[&#8230;]<\/a><\/p>\n<\/div>","protected":false},"author":6,"featured_media":71817,"comment_status":"closed","ping_status":"closed","sticky":false,"template":"","format":"standard","meta":{"_jetpack_memberships_contains_paid_content":false,"footnotes":"","jetpack_publicize_message":"","jetpack_publicize_feature_enabled":true,"jetpack_social_post_already_shared":true,"jetpack_social_options":{"image_generator_settings":{"template":"highway","enabled":false},"version":2}},"categories":[4],"tags":[1222,19],"class_list":{"0":"post-71816","1":"post","2":"type-post","3":"status-publish","4":"format-standard","5":"has-post-thumbnail","7":"category-actualidad","8":"tag-jhonny-quinonez","9":"tag-mercado-de-pases"},"jetpack_publicize_connections":[],"jetpack_sharing_enabled":true,"jetpack_featured_media_url":"https:\/\/i0.wp.com\/www.masrojo.com.ar\/home\/wp-content\/uploads\/jhonny-qui%C3%B1onez.jpeg?fit=700%2C402&ssl=1","jetpack_shortlink":"https:\/\/wp.me\/p90W9F-iGk","_links":{"self":[{"href":"https:\/\/www.masrojo.com.ar\/home\/wp-json\/wp\/v2\/posts\/71816"}],"collection":[{"href":"https:\/\/www.masrojo.com.ar\/home\/wp-json\/wp\/v2\/posts"}],"about":[{"href":"https:\/\/www.masrojo.com.ar\/home\/wp-json\/wp\/v2\/types\/post"}],"author":[{"embeddable":true,"href":"https:\/\/www.masrojo.com.ar\/home\/wp-json\/wp\/v2\/users\/6"}],"replies":[{"embeddable":true,"href":"https:\/\/www.masrojo.com.ar\/home\/wp-json\/wp\/v2\/comments?post=71816"}],"version-history":[{"count":1,"href":"https:\/\/www.masrojo.com.ar\/home\/wp-json\/wp\/v2\/posts\/71816\/revisions"}],"predecessor-version":[{"id":71823,"href":"https:\/\/www.masrojo.com.ar\/home\/wp-json\/wp\/v2\/posts\/71816\/revisions\/71823"}],"wp:featuredmedia":[{"embeddable":true,"href":"https:\/\/www.masrojo.com.ar\/home\/wp-json\/wp\/v2\/media\/71817"}],"wp:attachment":[{"href":"https:\/\/www.masrojo.com.ar\/home\/wp-json\/wp\/v2\/media?parent=71816"}],"wp:term":[{"taxonomy":"category","embeddable":true,"href":"https:\/\/www.masrojo.com.ar\/home\/wp-json\/wp\/v2\/categories?post=71816"},{"taxonomy":"post_tag","embeddable":true,"href":"https:\/\/www.masrojo.com.ar\/home\/wp-json\/wp\/v2\/tags?post=71816"}],"curies":[{"name":"wp","href":"https:\/\/api.w.org\/{rel}","templated":true}]}}