{"id":7203,"date":"2018-01-31T12:33:47","date_gmt":"2018-01-31T15:33:47","guid":{"rendered":"https:\/\/www.masrojo.com.ar\/home\/?p=7203"},"modified":"2018-01-31T12:34:40","modified_gmt":"2018-01-31T15:34:40","slug":"vuelve-gaston-del-castillo","status":"publish","type":"post","link":"https:\/\/www.masrojo.com.ar\/home\/2018\/01\/31\/vuelve-gaston-del-castillo\/","title":{"rendered":"Vuelve Gast\u00f3n Del Castillo"},"content":{"rendered":"<p style=\"text-align: justify;\">El hermano del <strong>Kun<\/strong> <b id=\"yui_3_10_0_1_1517412431973_474\">Ag\u00fcero<\/b>\u00a0<strong>rescindi\u00f3<\/strong> de com\u00fan acuerdo su vinculaci\u00f3n con <strong>Arsenal<\/strong>, por lo que<strong> volver\u00e1 a Independiente<\/strong> en los pr\u00f3ximos d\u00edas.<\/p>\n<p style=\"text-align: justify;\"><strong>Gast\u00f3n Del Castillo<\/strong> no tuvo ni un minuto para aprovechar en el club del Viaducto. Estuvo apenas en el banco contra San Mart\u00edn de San Juan por la fecha 6 de la Superliga y <strong>nunca m\u00e1s fue tenido en cuenta.<\/strong><\/p>\n<p style=\"text-align: justify;\">El atacante de 20 a\u00f1os fue cedido al club de Sarand\u00ed en agosto pasado y hoy, <strong>5 meses despu\u00e9s<\/strong>, se desvincul\u00f3 y le toca volver al Rojo.<\/p>\n","protected":false},"excerpt":{"rendered":"<div class=\"mh-excerpt\"><p>El hermano del Kun Ag\u00fcero\u00a0rescindi\u00f3 de com\u00fan acuerdo su vinculaci\u00f3n con Arsenal, por lo que volver\u00e1 a Independiente en los pr\u00f3ximos d\u00edas. Gast\u00f3n Del Castillo no tuvo ni un minuto para aprovechar en el club <a class=\"mh-excerpt-more\" href=\"https:\/\/www.masrojo.com.ar\/home\/2018\/01\/31\/vuelve-gaston-del-castillo\/\" title=\"Vuelve Gast\u00f3n Del Castillo\">[&#8230;]<\/a><\/p>\n<\/div>","protected":false},"author":4,"featured_media":0,"comment_status":"open","ping_status":"closed","sticky":false,"template":"","format":"standard","meta":{"_jetpack_memberships_contains_paid_content":false,"footnotes":"","jetpack_publicize_message":"#Independiente | Vuelve Gast\u00f3n Del Castillo","jetpack_publicize_feature_enabled":true,"jetpack_social_post_already_shared":true,"jetpack_social_options":{"image_generator_settings":{"template":"highway","enabled":false},"version":2}},"categories":[4],"tags":[253,17,19],"class_list":{"0":"post-7203","1":"post","2":"type-post","3":"status-publish","4":"format-standard","6":"category-actualidad","7":"tag-gaston-del-castillo","8":"tag-independiente","9":"tag-mercado-de-pases"},"jetpack_publicize_connections":[],"jetpack_sharing_enabled":true,"jetpack_featured_media_url":"","jetpack_shortlink":"https:\/\/wp.me\/p90W9F-1Sb","_links":{"self":[{"href":"https:\/\/www.masrojo.com.ar\/home\/wp-json\/wp\/v2\/posts\/7203"}],"collection":[{"href":"https:\/\/www.masrojo.com.ar\/home\/wp-json\/wp\/v2\/posts"}],"about":[{"href":"https:\/\/www.masrojo.com.ar\/home\/wp-json\/wp\/v2\/types\/post"}],"author":[{"embeddable":true,"href":"https:\/\/www.masrojo.com.ar\/home\/wp-json\/wp\/v2\/users\/4"}],"replies":[{"embeddable":true,"href":"https:\/\/www.masrojo.com.ar\/home\/wp-json\/wp\/v2\/comments?post=7203"}],"version-history":[{"count":0,"href":"https:\/\/www.masrojo.com.ar\/home\/wp-json\/wp\/v2\/posts\/7203\/revisions"}],"wp:attachment":[{"href":"https:\/\/www.masrojo.com.ar\/home\/wp-json\/wp\/v2\/media?parent=7203"}],"wp:term":[{"taxonomy":"category","embeddable":true,"href":"https:\/\/www.masrojo.com.ar\/home\/wp-json\/wp\/v2\/categories?post=7203"},{"taxonomy":"post_tag","embeddable":true,"href":"https:\/\/www.masrojo.com.ar\/home\/wp-json\/wp\/v2\/tags?post=7203"}],"curies":[{"name":"wp","href":"https:\/\/api.w.org\/{rel}","templated":true}]}}