{"id":72282,"date":"2024-02-05T17:54:10","date_gmt":"2024-02-05T20:54:10","guid":{"rendered":"https:\/\/www.masrojo.com.ar\/home\/?p=72282"},"modified":"2024-02-22T07:57:07","modified_gmt":"2024-02-22T10:57:07","slug":"ayrton-costa-salio-lesionado-del-partido-ante-gimnasia","status":"publish","type":"post","link":"https:\/\/www.masrojo.com.ar\/home\/2024\/02\/05\/ayrton-costa-salio-lesionado-del-partido-ante-gimnasia\/","title":{"rendered":"Ayrton Costa sali\u00f3 lesionado del partido ante Gimnasia"},"content":{"rendered":"<p class=\"capital\"><b>Ayrton Costa<\/b>, uno de los defensores de\u00a0<b>Independiente<\/b>, sufri\u00f3 una molestia muscular que lo marginar\u00e1 del partido ante\u00a0<b>Hurac\u00e1n\u00a0<\/b>del pr\u00f3ximo jueves por la noche en Parque Patricios.\u00a0<b>El lateral se har\u00e1 estudios m\u00e9dicos en las pr\u00f3ximas horas para determinar el grado de la lesi\u00f3n<\/b>.<\/p>\n<div id=\"ad-slot-inline1\" class=\"ad-slot-inline1 ad-slot\" data-adzonerun=\"1\" data-adtype=\"inline1\" data-google-query-id=\"CMHO1NOIlYQDFYZV3QIdnhUHdQ\">\n<div id=\"google_ads_iframe_\/125006397\/tyc\/nota\/inline1_0__container__\">\n<p><b>El lateral izquierdo sinti\u00f3 distensi\u00f3n en uno de sus isquiotibiales<\/b>\u00a0y, a pesar de todav\u00eda no se sabe qu\u00e9 le pas\u00f3,\u00a0<b>autom\u00e1ticamente qued\u00f3 descartado para visitar al Globo por la cuarta fecha de la Copa Liga Profesional<\/b>. Sea cual sea su lesi\u00f3n, el hecho de que el encuentro sea en 72 horas hace imposible que\u00a0<b>Costa\u00a0<\/b>pueda jugar.<\/p>\n<p>Se espera que entre hoy y ma\u00f1ana el defensor de 24 a\u00f1os se realice los estudios m\u00e9dicos que\u00a0<b>determinar\u00e1n el grado de su lesi\u00f3n, sea una contractura, una simple molestia o un desgarro<\/b>. Lo que es seguro es que\u00a0<b>Carlos Tevez<\/b>\u00a0deber\u00e1 cambiar m\u00e1s de lo pensado de cara al partido del jueves.<\/p>\n<div id=\"ad-slot-inline2\" class=\"ad-slot-inline_grande ad-slot\" data-adzonerun=\"1\" data-adtype=\"inline_grande\" data-google-query-id=\"CMLO1NOIlYQDFYZV3QIdnhUHdQ\">\n<div id=\"google_ads_iframe_\/125006397\/tyc\/nota\/inline2_0__container__\">\n<p>&nbsp;<\/p>\n<section class=\"fluidMedia\">\n<div id=\"video-genoa-668731\" class=\"player-nota-wrapper genoa-async lazycontainer\" data-contentid=\"1569325\" data-share=\"https:\/\/www.tycsports.com\/independiente\/independiente-baja-sensible-lesion-ayrton-costa-id562724.html\">\n<div class=\"player-nota-overlay\"><\/div>\n<\/div>\n<\/section>\n<\/div>\n<\/div>\n<\/div>\n<\/div>\n","protected":false},"excerpt":{"rendered":"<div class=\"mh-excerpt\"><p>Ayrton Costa, uno de los defensores de\u00a0Independiente, sufri\u00f3 una molestia muscular que lo marginar\u00e1 del partido ante\u00a0Hurac\u00e1n\u00a0del pr\u00f3ximo jueves por la noche en Parque Patricios.\u00a0El lateral se har\u00e1 estudios m\u00e9dicos en las pr\u00f3ximas horas para <a class=\"mh-excerpt-more\" href=\"https:\/\/www.masrojo.com.ar\/home\/2024\/02\/05\/ayrton-costa-salio-lesionado-del-partido-ante-gimnasia\/\" title=\"Ayrton Costa sali\u00f3 lesionado del partido ante Gimnasia\">[&#8230;]<\/a><\/p>\n<\/div>","protected":false},"author":6,"featured_media":72283,"comment_status":"closed","ping_status":"closed","sticky":false,"template":"","format":"standard","meta":{"_jetpack_memberships_contains_paid_content":false,"footnotes":"","jetpack_publicize_message":"","jetpack_publicize_feature_enabled":true,"jetpack_social_post_already_shared":true,"jetpack_social_options":{"image_generator_settings":{"template":"highway","enabled":false},"version":2}},"categories":[4],"tags":[1115,1051,1165,582],"class_list":{"0":"post-72282","1":"post","2":"type-post","3":"status-publish","4":"format-standard","5":"has-post-thumbnail","7":"category-actualidad","8":"tag-ayrton-costa","9":"tag-copa-de-la-liga","10":"tag-gimnasia-y-esgrima","11":"tag-lesion"},"jetpack_publicize_connections":[],"jetpack_sharing_enabled":true,"jetpack_featured_media_url":"https:\/\/i0.wp.com\/www.masrojo.com.ar\/home\/wp-content\/uploads\/ayrton-costa.jpeg?fit=2048%2C1365&ssl=1","jetpack_shortlink":"https:\/\/wp.me\/p90W9F-iNQ","_links":{"self":[{"href":"https:\/\/www.masrojo.com.ar\/home\/wp-json\/wp\/v2\/posts\/72282"}],"collection":[{"href":"https:\/\/www.masrojo.com.ar\/home\/wp-json\/wp\/v2\/posts"}],"about":[{"href":"https:\/\/www.masrojo.com.ar\/home\/wp-json\/wp\/v2\/types\/post"}],"author":[{"embeddable":true,"href":"https:\/\/www.masrojo.com.ar\/home\/wp-json\/wp\/v2\/users\/6"}],"replies":[{"embeddable":true,"href":"https:\/\/www.masrojo.com.ar\/home\/wp-json\/wp\/v2\/comments?post=72282"}],"version-history":[{"count":1,"href":"https:\/\/www.masrojo.com.ar\/home\/wp-json\/wp\/v2\/posts\/72282\/revisions"}],"predecessor-version":[{"id":72289,"href":"https:\/\/www.masrojo.com.ar\/home\/wp-json\/wp\/v2\/posts\/72282\/revisions\/72289"}],"wp:featuredmedia":[{"embeddable":true,"href":"https:\/\/www.masrojo.com.ar\/home\/wp-json\/wp\/v2\/media\/72283"}],"wp:attachment":[{"href":"https:\/\/www.masrojo.com.ar\/home\/wp-json\/wp\/v2\/media?parent=72282"}],"wp:term":[{"taxonomy":"category","embeddable":true,"href":"https:\/\/www.masrojo.com.ar\/home\/wp-json\/wp\/v2\/categories?post=72282"},{"taxonomy":"post_tag","embeddable":true,"href":"https:\/\/www.masrojo.com.ar\/home\/wp-json\/wp\/v2\/tags?post=72282"}],"curies":[{"name":"wp","href":"https:\/\/api.w.org\/{rel}","templated":true}]}}