{"id":72297,"date":"2024-02-06T15:11:31","date_gmt":"2024-02-06T18:11:31","guid":{"rendered":"https:\/\/www.masrojo.com.ar\/home\/?p=72297"},"modified":"2024-02-22T07:57:06","modified_gmt":"2024-02-22T10:57:06","slug":"se-confirmo-la-lesion-de-ayrton-costa-2","status":"publish","type":"post","link":"https:\/\/www.masrojo.com.ar\/home\/2024\/02\/06\/se-confirmo-la-lesion-de-ayrton-costa-2\/","title":{"rendered":"Se confirm\u00f3 la lesi\u00f3n de Ayrton Costa"},"content":{"rendered":"<p class=\"capital\"><b>Ayrton Costa<\/b>, uno de los defensores de\u00a0<b>Independiente<\/b>, sufri\u00f3 un desgarro en el isquiotibial de su pierna izquierda que lo marginar\u00e1 del partido ante\u00a0<b>Hurac\u00e1n\u00a0<\/b>del pr\u00f3ximo jueves por la noche en Parque Patricios.\u00a0<b>En concreto, el lateral izquierdo estar\u00e1 tres semanas fuera de las canchas.<\/b><\/p>\n<div id=\"ad-slot-inline1\" class=\"ad-slot-inline1 ad-slot\" data-adzonerun=\"1\" data-adtype=\"inline1\" data-google-query-id=\"CPyRxdGml4QDFcZV3QIdsRYKZg\">\n<p><b>El lateral izquierdo sinti\u00f3 una molestia sobre el final del encuentro contra el Lobo<\/b>\u00a0y en el d\u00eda de hoy se confirm\u00f3 que Costa sufri\u00f3 un desgarro en el isquiotibial de su pierna izquierda, por lo que\u00a0<b>autom\u00e1ticamente qued\u00f3 descartado para visitar al Globo por la cuarta fecha de la Copa Liga Profesional<\/b>.<\/p>\n<p>A su vez, al tratarse de un desgarro,\u00a0<b>el defensor deber\u00e1 estar fuera de las canchas por tres semanas aproximadamente<\/b>, y se perder\u00e1 varios partidos por la seguidilla que habr\u00e1 en febrero. Lo que es seguro es que\u00a0<b>Carlos Tevez<\/b>\u00a0deber\u00e1 cambiar m\u00e1s de lo pensado de cara al partido del jueves.<\/p>\n<blockquote class=\"twitter-tweet\" data-media-max-width=\"560\">\n<p dir=\"ltr\" lang=\"es\">&#x1f4cc; Parte m\u00e9dico: Ayrton Costa<\/p>\n<p>El defensor sufri\u00f3 un desgarro en el isquiotibial de su pierna izquierda. <a href=\"https:\/\/t.co\/egVobw5Uen\">pic.twitter.com\/egVobw5Uen<\/a><\/p>\n<p>\u2014 C. A. Independiente (@Independiente) <a href=\"https:\/\/twitter.com\/Independiente\/status\/1754894205434880145?ref_src=twsrc%5Etfw\">February 6, 2024<\/a><\/p><\/blockquote>\n<p><script async src=\"https:\/\/platform.twitter.com\/widgets.js\" charset=\"utf-8\"><\/script><\/p>\n<\/div>\n","protected":false},"excerpt":{"rendered":"<div class=\"mh-excerpt\"><p>Ayrton Costa, uno de los defensores de\u00a0Independiente, sufri\u00f3 un desgarro en el isquiotibial de su pierna izquierda que lo marginar\u00e1 del partido ante\u00a0Hurac\u00e1n\u00a0del pr\u00f3ximo jueves por la noche en Parque Patricios.\u00a0En concreto, el lateral izquierdo <a class=\"mh-excerpt-more\" href=\"https:\/\/www.masrojo.com.ar\/home\/2024\/02\/06\/se-confirmo-la-lesion-de-ayrton-costa-2\/\" title=\"Se confirm\u00f3 la lesi\u00f3n de Ayrton Costa\">[&#8230;]<\/a><\/p>\n<\/div>","protected":false},"author":6,"featured_media":72126,"comment_status":"closed","ping_status":"closed","sticky":false,"template":"","format":"standard","meta":{"_jetpack_memberships_contains_paid_content":false,"footnotes":"","jetpack_publicize_message":"","jetpack_publicize_feature_enabled":true,"jetpack_social_post_already_shared":true,"jetpack_social_options":{"image_generator_settings":{"template":"highway","enabled":false},"version":2}},"categories":[4],"tags":[1115,582,317],"class_list":{"0":"post-72297","1":"post","2":"type-post","3":"status-publish","4":"format-standard","5":"has-post-thumbnail","7":"category-actualidad","8":"tag-ayrton-costa","9":"tag-lesion","10":"tag-parte-medico"},"jetpack_publicize_connections":[],"jetpack_sharing_enabled":true,"jetpack_featured_media_url":"https:\/\/i0.wp.com\/www.masrojo.com.ar\/home\/wp-content\/uploads\/independiente-rivadavia-cdll.jpeg?fit=900%2C600&ssl=1","jetpack_shortlink":"https:\/\/wp.me\/p90W9F-iO5","_links":{"self":[{"href":"https:\/\/www.masrojo.com.ar\/home\/wp-json\/wp\/v2\/posts\/72297"}],"collection":[{"href":"https:\/\/www.masrojo.com.ar\/home\/wp-json\/wp\/v2\/posts"}],"about":[{"href":"https:\/\/www.masrojo.com.ar\/home\/wp-json\/wp\/v2\/types\/post"}],"author":[{"embeddable":true,"href":"https:\/\/www.masrojo.com.ar\/home\/wp-json\/wp\/v2\/users\/6"}],"replies":[{"embeddable":true,"href":"https:\/\/www.masrojo.com.ar\/home\/wp-json\/wp\/v2\/comments?post=72297"}],"version-history":[{"count":1,"href":"https:\/\/www.masrojo.com.ar\/home\/wp-json\/wp\/v2\/posts\/72297\/revisions"}],"predecessor-version":[{"id":72303,"href":"https:\/\/www.masrojo.com.ar\/home\/wp-json\/wp\/v2\/posts\/72297\/revisions\/72303"}],"wp:featuredmedia":[{"embeddable":true,"href":"https:\/\/www.masrojo.com.ar\/home\/wp-json\/wp\/v2\/media\/72126"}],"wp:attachment":[{"href":"https:\/\/www.masrojo.com.ar\/home\/wp-json\/wp\/v2\/media?parent=72297"}],"wp:term":[{"taxonomy":"category","embeddable":true,"href":"https:\/\/www.masrojo.com.ar\/home\/wp-json\/wp\/v2\/categories?post=72297"},{"taxonomy":"post_tag","embeddable":true,"href":"https:\/\/www.masrojo.com.ar\/home\/wp-json\/wp\/v2\/tags?post=72297"}],"curies":[{"name":"wp","href":"https:\/\/api.w.org\/{rel}","templated":true}]}}