{"id":72596,"date":"2024-02-28T11:52:30","date_gmt":"2024-02-28T14:52:30","guid":{"rendered":"https:\/\/www.masrojo.com.ar\/home\/?p=72596"},"modified":"2024-02-28T11:52:30","modified_gmt":"2024-02-28T14:52:30","slug":"empato-la-reserva-ante-boca","status":"publish","type":"post","link":"https:\/\/www.masrojo.com.ar\/home\/2024\/02\/28\/empato-la-reserva-ante-boca\/","title":{"rendered":"Empat\u00f3 la Reserva ante Boca"},"content":{"rendered":"<p class=\"capital\">La Reserva de <b>empat\u00f3 ante Boca<\/b>\u00a0 1-1 en el Boca Predio con un golazo de <b>Iker Zufiaurre<\/b>\u00a0para el local y uno de\u00a0<b>Javier Ru\u00edz\u00a0<\/b>para la visita, por la tercera fecha de la<b>\u00a0Copa Proyecci\u00f3n<\/b>, en un cl\u00e1sico en un cl\u00e1sico electrizante por la<b>\u00a0Zona B<\/b>.<\/p>\n<p>Los once de Pedro Monz\u00f3n fueron:<\/p>\n<p>Mateo\u00a0<b>Morro<\/b>; Santiago\u00a0<b>Salle<\/b>, Luciano\u00a0<b>Echeverr\u00eda<\/b>, Fernando\u00a0<b>da Rosa<\/b>, Jonathan<b>\u00a0De Irastorza<\/b>; Lautaro\u00a0<b>Mill\u00e1n<\/b>, Jerem\u00edas\u00a0<b>Marchini<\/b>, Tom\u00e1s\u00a0<b>Parmo<\/b>; Javier\u00a0<b>Ruiz<\/b>, Nicol\u00e1s\u00a0<b>Castagno\u00a0<\/b>y Santiago\u00a0<b>L\u00f3pez<\/b>.<\/p>\n<div id=\"ad-slot-inline1\" class=\"ad-slot-inline1 ad-slot\" data-adzonerun=\"1\" data-adtype=\"inline1\" data-google-query-id=\"CKHFsOKizoQDFQJM3QIdkZUHyw\">\n<p>El <i>Rojo\u00a0<\/i>hab\u00eda ca\u00eddo en el Libertadores de Am\u00e9rica en el \u00faltimo compromiso que hab\u00eda disputado con\u00a0<b>Hurac\u00e1n\u00a0<\/b>y gan\u00f3 en la primera jornada por 1-0, tambi\u00e9n en casa, ante\u00a0<b>Sarmiento de Jun\u00edn<\/b>, con gol de\u00a0<b>Santiago Hidalgo.\u00a0<\/b>Contra\u00a0<b>Boca<\/b>, el equipo estuvo \u00abreforzado\u00bb por\u00a0<b>Santi L\u00f3pez<\/b>, quien baj\u00f3 de la Primera y fue titular tras el conflicto que tuvo por la demora en la renovaci\u00f3n de su contrato.<\/p>\n<div id=\"ad-slot-inline2\" class=\"ad-slot-inline_grande ad-slot\" data-adzonerun=\"1\" data-adtype=\"inline_grande\" data-google-query-id=\"CKLFsOKizoQDFQJM3QIdkZUHyw\">\n<p>Los de Avellaneda y los de La Ribera se volvieron a ver las caras en la categor\u00eda luego de lo que fue la victoria de Independiente, que terminar\u00eda alzando el t\u00edtulo, en los cuartos de final de la Copa de la Reserva pasada por 2-0.<\/p>\n<p>El conjunto local fue superior a la visita a lo largo del encuentro y tuvo las ocasiones m\u00e1s claras del partido, con\u00a0<b>Juan Cruz Payal<\/b>\u00a0-a quien le quitaron un gol de cabeza sobre la l\u00ednea en la primera parte-,\u00a0<b>Juli\u00e1n Ceballlos e Iker Zufiaurre<\/b> (autor de un golazo) como figuras. Del otro lado,\u00a0<b>Santi L\u00f3pez\u00a0<\/b>fue lo m\u00e1s peligroso y tuvo en sus pies la apertura del marcador en el primer tiempo con un disparo a quemarropa que detuvo bien\u00a0<b>Sebasti\u00e1n D\u00edaz Robles<\/b>. Sin embargo,\u00a0<b>Javier Ruiz<\/b>\u00a0fue el autor del empate para los de Avellaneda.<\/p>\n<\/div>\n<\/div>\n","protected":false},"excerpt":{"rendered":"<div class=\"mh-excerpt\"><p>La Reserva de empat\u00f3 ante Boca\u00a0 1-1 en el Boca Predio con un golazo de Iker Zufiaurre\u00a0para el local y uno de\u00a0Javier Ru\u00edz\u00a0para la visita, por la tercera fecha de la\u00a0Copa Proyecci\u00f3n, en un cl\u00e1sico <a class=\"mh-excerpt-more\" href=\"https:\/\/www.masrojo.com.ar\/home\/2024\/02\/28\/empato-la-reserva-ante-boca\/\" title=\"Empat\u00f3 la Reserva ante Boca\">[&#8230;]<\/a><\/p>\n<\/div>","protected":false},"author":6,"featured_media":72597,"comment_status":"closed","ping_status":"closed","sticky":false,"template":"","format":"standard","meta":{"_jetpack_memberships_contains_paid_content":false,"footnotes":"","jetpack_publicize_message":"","jetpack_publicize_feature_enabled":true,"jetpack_social_post_already_shared":true,"jetpack_social_options":{"image_generator_settings":{"template":"highway","enabled":false},"version":2}},"categories":[4,6],"tags":[1040,1186,61],"class_list":{"0":"post-72596","1":"post","2":"type-post","3":"status-publish","4":"format-standard","5":"has-post-thumbnail","7":"category-actualidad","8":"category-reserva","9":"tag-boca-juniors","10":"tag-copa-proyeccion","11":"tag-reserva"},"jetpack_publicize_connections":[],"jetpack_sharing_enabled":true,"jetpack_featured_media_url":"https:\/\/i0.wp.com\/www.masrojo.com.ar\/home\/wp-content\/uploads\/reserva-bok-javier-ruiz.jpg?fit=680%2C447&ssl=1","jetpack_shortlink":"https:\/\/wp.me\/p90W9F-iSU","_links":{"self":[{"href":"https:\/\/www.masrojo.com.ar\/home\/wp-json\/wp\/v2\/posts\/72596"}],"collection":[{"href":"https:\/\/www.masrojo.com.ar\/home\/wp-json\/wp\/v2\/posts"}],"about":[{"href":"https:\/\/www.masrojo.com.ar\/home\/wp-json\/wp\/v2\/types\/post"}],"author":[{"embeddable":true,"href":"https:\/\/www.masrojo.com.ar\/home\/wp-json\/wp\/v2\/users\/6"}],"replies":[{"embeddable":true,"href":"https:\/\/www.masrojo.com.ar\/home\/wp-json\/wp\/v2\/comments?post=72596"}],"version-history":[{"count":1,"href":"https:\/\/www.masrojo.com.ar\/home\/wp-json\/wp\/v2\/posts\/72596\/revisions"}],"predecessor-version":[{"id":72603,"href":"https:\/\/www.masrojo.com.ar\/home\/wp-json\/wp\/v2\/posts\/72596\/revisions\/72603"}],"wp:featuredmedia":[{"embeddable":true,"href":"https:\/\/www.masrojo.com.ar\/home\/wp-json\/wp\/v2\/media\/72597"}],"wp:attachment":[{"href":"https:\/\/www.masrojo.com.ar\/home\/wp-json\/wp\/v2\/media?parent=72596"}],"wp:term":[{"taxonomy":"category","embeddable":true,"href":"https:\/\/www.masrojo.com.ar\/home\/wp-json\/wp\/v2\/categories?post=72596"},{"taxonomy":"post_tag","embeddable":true,"href":"https:\/\/www.masrojo.com.ar\/home\/wp-json\/wp\/v2\/tags?post=72596"}],"curies":[{"name":"wp","href":"https:\/\/api.w.org\/{rel}","templated":true}]}}