{"id":72621,"date":"2024-03-02T14:34:33","date_gmt":"2024-03-02T17:34:33","guid":{"rendered":"https:\/\/www.masrojo.com.ar\/home\/?p=72621"},"modified":"2024-03-02T17:05:36","modified_gmt":"2024-03-02T20:05:36","slug":"a-repuntar-ante-argentinos","status":"publish","type":"post","link":"https:\/\/www.masrojo.com.ar\/home\/2024\/03\/02\/a-repuntar-ante-argentinos\/","title":{"rendered":"A repuntar ante Argentinos"},"content":{"rendered":"<p><strong>Independiente se enfrenta ante Argentinos Juniors<\/strong> por la octava fecha de la Copa de La Liga el s\u00e1bado a las 19.15hs en el Estadio Libertadores de Am\u00e9rica &#8211; Ricardo Enrique Bochini. Luego de la derrota ante Racing, <span style=\"text-decoration: underline;\">el Rojo buscar\u00e1 repuntar y volver a la victoria.<\/span><\/p>\n<p>Independiente viene de caer en el cl\u00e1sico por 1 a 0, por lo que el conjunto dirigido por T\u00e9vez buscar\u00e1 levantar cabeza y seguir con el objetivo de clasificarse a la siguiente ronda de la Copa. En estos momentos, el Rojo ocupa el puesto cinco, quedando a un punto de la clasificaci\u00f3n y con un partido menos sin jugar.<\/p>\n<p>Para este partido, el DT cit\u00f3 a los siguientes jugadores:<\/p>\n<p><img loading=\"lazy\" decoding=\"async\" class=\"aligncenter\" src=\"https:\/\/pbs.twimg.com\/media\/GHoKQHOWEAAstbS?format=jpg&amp;name=900x900\" alt=\"Imagen\" width=\"418\" height=\"523\" \/><\/p>\n<p>Por el lado de Argentinos Juniors, viene de ganarle contundentemente a Platense por 3 a 1 y se encuentra segundo en la tabla de clasificaci\u00f3n con 14 unidades. El DT Pablo Guede, cit\u00f3 a los siguientes jugadores.<\/p>\n<p><img loading=\"lazy\" decoding=\"async\" class=\"aligncenter\" src=\"https:\/\/pbs.twimg.com\/media\/GHoNuIRWgAAQCXp?format=jpg&amp;name=900x900\" alt=\"Imagen\" width=\"448\" height=\"560\" \/><\/p>\n<p><span style=\"font-size: 18pt;\"><strong>HISTORIAL\u00a0<\/strong><\/span><\/p>\n<p>El historial entre el Rey de Copas y el Bicho es extenso. En total se disputaron 135 encuentros, en los cuales Independiente gan\u00f3 55 veces, empat\u00f3 44 y perdi\u00f3 en 36 oportunidades. Es decir, el Rojo cuenta con un saldo positivo de 19 partidos.<\/p>\n<p><span style=\"font-size: 18pt;\"><strong>FORMACIONES PROBABLES\u00a0<\/strong><\/span><\/p>\n<p>Los 11 probables de Independiente: Rodrigo\u00a0<b>Rey<\/b>; Mauricio\u00a0<b>Isla<\/b>, Juan\u00a0<b>Fedorco<\/b>, Joaqu\u00edn\u00a0<b>Laso<\/b>, Dami\u00e1n\u00a0<b>P\u00e9rez<\/b>; Iv\u00e1n\u00a0<b>Marcone<\/b>, Gabriel\u00a0<b>Neves<\/b>, Federico\u00a0<b>Mancuello<\/b>, Lucas\u00a0<b>Gonz\u00e1lez<\/b>; Alex\u00a0<b>Luna\u00a0<\/b>y Gabriel\u00a0<b>\u00c1valos<\/b>.<\/p>\n<p>Los 11 probables de Argentinor Juniors: Diego\u00a0<b>Rodr\u00edguez<\/b>; Thiago\u00a0<b>Santamar\u00eda<\/b>, Francisco\u00a0<b>\u00c1lvarez<\/b>, Tob\u00edas\u00a0<b>Palacio\u00a0<\/b>y Rom\u00e1n\u00a0<b>Vega\u00a0<\/b>o Sebasti\u00e1n\u00a0<b>Prieto<\/b>; Alan\u00a0<b>Lescano<\/b>, Ariel\u00a0<b>Gamarra\u00a0<\/b>o Franco\u00a0<b>Moyano,<\/b>\u00a0Nicol\u00e1s\u00a0<b>Oroz<\/b>; Luciano\u00a0<b>Gondou<\/b>, Maximiliano\u00a0<b>Romero\u00a0<\/b>y Leonardo\u00a0<b>Heredia<\/b>.<\/p>\n<p><span style=\"font-size: 18pt;\"><strong>TERNA ARBITRAL\u00a0<\/strong><\/span><\/p>\n<p>El juez\u00a0<strong>Fernando Rapallini<\/strong> ser\u00e1 quien impartir\u00e1 justicia, acompa\u00f1ado por <strong>Maximiliano Del Yesso<\/strong>\u00a0como primer asistente y\u00a0<strong>Gerardo Lencina<\/strong>\u00a0como segundo asistente. Adem\u00e1s en la cabina de VAR estar\u00e1\u00a0<strong>Hernan Mastrangelo<\/strong>\u00a0y\u00a0<strong>Fabricio Llobet<\/strong>\u00a0en AVAR. El cuarto \u00e1rbitro ser\u00e1\u00a0<strong>Sebasti\u00e1n Zunino.<\/strong><\/p>\n<p><span style=\"font-size: 18pt;\"><strong>TELEVISACI\u00d3N<\/strong><\/span><\/p>\n<p>El encuentro podr\u00e1 ser visto desde las 19hs por la pantala de ESPN Premium.<\/p>\n","protected":false},"excerpt":{"rendered":"<div class=\"mh-excerpt\"><p>Independiente se enfrenta ante Argentinos Juniors por la octava fecha de la Copa de La Liga el s\u00e1bado a las 19.15hs en el Estadio Libertadores de Am\u00e9rica &#8211; Ricardo Enrique Bochini. Luego de la derrota <a class=\"mh-excerpt-more\" href=\"https:\/\/www.masrojo.com.ar\/home\/2024\/03\/02\/a-repuntar-ante-argentinos\/\" title=\"A repuntar ante Argentinos\">[&#8230;]<\/a><\/p>\n<\/div>","protected":false},"author":6,"featured_media":72363,"comment_status":"closed","ping_status":"closed","sticky":false,"template":"","format":"standard","meta":{"_jetpack_memberships_contains_paid_content":false,"footnotes":"","jetpack_publicize_message":"","jetpack_publicize_feature_enabled":true,"jetpack_social_post_already_shared":true,"jetpack_social_options":{"image_generator_settings":{"template":"highway","enabled":false},"version":2}},"categories":[4],"tags":[],"class_list":{"0":"post-72621","1":"post","2":"type-post","3":"status-publish","4":"format-standard","5":"has-post-thumbnail","7":"category-actualidad"},"jetpack_publicize_connections":[],"jetpack_sharing_enabled":true,"jetpack_featured_media_url":"https:\/\/i0.wp.com\/www.masrojo.com.ar\/home\/wp-content\/uploads\/GGQ_dEbXIAAlLDM.jpg?fit=680%2C472&ssl=1","jetpack_shortlink":"https:\/\/wp.me\/p90W9F-iTj","_links":{"self":[{"href":"https:\/\/www.masrojo.com.ar\/home\/wp-json\/wp\/v2\/posts\/72621"}],"collection":[{"href":"https:\/\/www.masrojo.com.ar\/home\/wp-json\/wp\/v2\/posts"}],"about":[{"href":"https:\/\/www.masrojo.com.ar\/home\/wp-json\/wp\/v2\/types\/post"}],"author":[{"embeddable":true,"href":"https:\/\/www.masrojo.com.ar\/home\/wp-json\/wp\/v2\/users\/6"}],"replies":[{"embeddable":true,"href":"https:\/\/www.masrojo.com.ar\/home\/wp-json\/wp\/v2\/comments?post=72621"}],"version-history":[{"count":3,"href":"https:\/\/www.masrojo.com.ar\/home\/wp-json\/wp\/v2\/posts\/72621\/revisions"}],"predecessor-version":[{"id":72629,"href":"https:\/\/www.masrojo.com.ar\/home\/wp-json\/wp\/v2\/posts\/72621\/revisions\/72629"}],"wp:featuredmedia":[{"embeddable":true,"href":"https:\/\/www.masrojo.com.ar\/home\/wp-json\/wp\/v2\/media\/72363"}],"wp:attachment":[{"href":"https:\/\/www.masrojo.com.ar\/home\/wp-json\/wp\/v2\/media?parent=72621"}],"wp:term":[{"taxonomy":"category","embeddable":true,"href":"https:\/\/www.masrojo.com.ar\/home\/wp-json\/wp\/v2\/categories?post=72621"},{"taxonomy":"post_tag","embeddable":true,"href":"https:\/\/www.masrojo.com.ar\/home\/wp-json\/wp\/v2\/tags?post=72621"}],"curies":[{"name":"wp","href":"https:\/\/api.w.org\/{rel}","templated":true}]}}