{"id":72656,"date":"2024-03-04T18:05:25","date_gmt":"2024-03-04T21:05:25","guid":{"rendered":"https:\/\/www.masrojo.com.ar\/home\/?p=72656"},"modified":"2024-03-04T18:05:25","modified_gmt":"2024-03-04T21:05:25","slug":"bochini-choco-en-la-ruta-y-esta-fuera-de-peligro","status":"publish","type":"post","link":"https:\/\/www.masrojo.com.ar\/home\/2024\/03\/04\/bochini-choco-en-la-ruta-y-esta-fuera-de-peligro\/","title":{"rendered":"Bochini choc\u00f3 en la ruta y est\u00e1 fuera de peligro"},"content":{"rendered":"<p class=\"capital\"><b>Ricardo Enrique Bochini sufri\u00f3 un accidente automovil\u00edstico este lunes por la tarde<\/b>, cuando choc\u00f3 en la Ruta Provincial 21 a la altura de Ciudad Evita. Sin embargo, el m\u00e1ximo \u00eddolo de\u00a0<b>Independiente\u00a0<\/b>solo recibi\u00f3 un golpe en la cabeza y\u00a0<b>se encuentra fuera de peligro<\/b>.<\/p>\n<div id=\"ad-slot-inline1\" class=\"ad-slot-inline1 ad-slot\" data-adzonerun=\"1\" data-adtype=\"inline1\" data-google-query-id=\"CMjU_c2524QDFY9M3QId3IcFTg\">\n<div id=\"google_ads_iframe_\/125006397\/tyc\/nota\/inline1_0__container__\">\n<p>La informaci\u00f3n de que el\u00a0<b>Bocha<\/b>\u00a0hab\u00eda chocado en plena ruta comenz\u00f3 a circular pasado el mediod\u00eda de este lunes, pero r\u00e1pidamente se pudo saber que\u00a0<b>el exfutbolista solamente hab\u00eda sufrido un golpe en la cabeza producto del impacto,\u00a0<u>quedando as\u00ed fuera de peligro<\/u><\/b>.<\/p>\n<p><b>Bochini<\/b>\u00a0iba junto a otras personas en un auto cuando chocaron de frente contra un cami\u00f3n en la\u00a0<b>Ruta 21<\/b>\u00a0a la altura de\u00a0<b>Ciudad Evita<\/b>. M\u00e1s all\u00e1 de que la imagen del choque es fuerte por como qued\u00f3 el coche,\u00a0<u>ninguno de los implicados tuvo que ser hospitalizado de gravedad<\/u>.<\/p>\n<p>De hecho, \u00e9l mismo film\u00f3 un video en el que le llev\u00f3 calma a los hinchas del\u00a0<b>Rojo\u00a0<\/b>y todo el mundo del f\u00fatbol.\u00a0<i>\u00abLes quiero decir que estoy bien,\u00a0<b>vine al hospital a hacerme estudios y no hubo ning\u00fan problema<\/b>, tengo algunos golpes menores. Les quiero agradecer a todos por llamarme, el auto qued\u00f3 destruido pero\u00a0<b><u>gracias a Dios no me pas\u00f3 nada<\/u><\/b>\u00ab.<\/i><\/p>\n<div style=\"width: 480px;\" class=\"wp-video\"><!--[if lt IE 9]><script>document.createElement('video');<\/script><![endif]-->\n<video class=\"wp-video-shortcode\" id=\"video-72656-1\" width=\"480\" height=\"852\" preload=\"metadata\" controls=\"controls\"><source type=\"video\/mp4\" src=\"https:\/\/www.masrojo.com.ar\/home\/wp-content\/uploads\/ssstwitter.com_1709585116526.mp4?_=1\" \/><a href=\"https:\/\/www.masrojo.com.ar\/home\/wp-content\/uploads\/ssstwitter.com_1709585116526.mp4\">https:\/\/www.masrojo.com.ar\/home\/wp-content\/uploads\/ssstwitter.com_1709585116526.mp4<\/a><\/video><\/div>\n<\/div>\n<\/div>\n","protected":false},"excerpt":{"rendered":"<div class=\"mh-excerpt\"><p>Ricardo Enrique Bochini sufri\u00f3 un accidente automovil\u00edstico este lunes por la tarde, cuando choc\u00f3 en la Ruta Provincial 21 a la altura de Ciudad Evita. Sin embargo, el m\u00e1ximo \u00eddolo de\u00a0Independiente\u00a0solo recibi\u00f3 un golpe en <a class=\"mh-excerpt-more\" href=\"https:\/\/www.masrojo.com.ar\/home\/2024\/03\/04\/bochini-choco-en-la-ruta-y-esta-fuera-de-peligro\/\" title=\"Bochini choc\u00f3 en la ruta y est\u00e1 fuera de peligro\">[&#8230;]<\/a><\/p>\n<\/div>","protected":false},"author":6,"featured_media":10641,"comment_status":"closed","ping_status":"closed","sticky":false,"template":"","format":"standard","meta":{"_jetpack_memberships_contains_paid_content":false,"footnotes":"","jetpack_publicize_message":"","jetpack_publicize_feature_enabled":true,"jetpack_social_post_already_shared":true,"jetpack_social_options":{"image_generator_settings":{"template":"highway","enabled":false},"version":2}},"categories":[4],"tags":[886],"class_list":{"0":"post-72656","1":"post","2":"type-post","3":"status-publish","4":"format-standard","5":"has-post-thumbnail","7":"category-actualidad","8":"tag-ricardo-enrique-bochini"},"jetpack_publicize_connections":[],"jetpack_sharing_enabled":true,"jetpack_featured_media_url":"https:\/\/i0.wp.com\/www.masrojo.com.ar\/home\/wp-content\/uploads\/bocha1.png?fit=493%2C322&ssl=1","jetpack_shortlink":"https:\/\/wp.me\/p90W9F-iTS","_links":{"self":[{"href":"https:\/\/www.masrojo.com.ar\/home\/wp-json\/wp\/v2\/posts\/72656"}],"collection":[{"href":"https:\/\/www.masrojo.com.ar\/home\/wp-json\/wp\/v2\/posts"}],"about":[{"href":"https:\/\/www.masrojo.com.ar\/home\/wp-json\/wp\/v2\/types\/post"}],"author":[{"embeddable":true,"href":"https:\/\/www.masrojo.com.ar\/home\/wp-json\/wp\/v2\/users\/6"}],"replies":[{"embeddable":true,"href":"https:\/\/www.masrojo.com.ar\/home\/wp-json\/wp\/v2\/comments?post=72656"}],"version-history":[{"count":1,"href":"https:\/\/www.masrojo.com.ar\/home\/wp-json\/wp\/v2\/posts\/72656\/revisions"}],"predecessor-version":[{"id":72663,"href":"https:\/\/www.masrojo.com.ar\/home\/wp-json\/wp\/v2\/posts\/72656\/revisions\/72663"}],"wp:featuredmedia":[{"embeddable":true,"href":"https:\/\/www.masrojo.com.ar\/home\/wp-json\/wp\/v2\/media\/10641"}],"wp:attachment":[{"href":"https:\/\/www.masrojo.com.ar\/home\/wp-json\/wp\/v2\/media?parent=72656"}],"wp:term":[{"taxonomy":"category","embeddable":true,"href":"https:\/\/www.masrojo.com.ar\/home\/wp-json\/wp\/v2\/categories?post=72656"},{"taxonomy":"post_tag","embeddable":true,"href":"https:\/\/www.masrojo.com.ar\/home\/wp-json\/wp\/v2\/tags?post=72656"}],"curies":[{"name":"wp","href":"https:\/\/api.w.org\/{rel}","templated":true}]}}