{"id":72671,"date":"2024-03-05T11:36:57","date_gmt":"2024-03-05T14:36:57","guid":{"rendered":"https:\/\/www.masrojo.com.ar\/home\/?p=72671"},"modified":"2024-03-05T12:18:27","modified_gmt":"2024-03-05T15:18:27","slug":"con-la-misma-actitud-contra-barracas","status":"publish","type":"post","link":"https:\/\/www.masrojo.com.ar\/home\/2024\/03\/05\/con-la-misma-actitud-contra-barracas\/","title":{"rendered":"Con la misma actitud contra Barracas"},"content":{"rendered":"<p><strong>Independiente se enfrenta ante Barracas Central el d\u00eda de hoy<\/strong> a las 19hs en el estadio Tom\u00e1s Adolfo Duc\u00f3 (Barracas har\u00e1 de local all\u00ed ya que su estadio esta en remodelaci\u00f3n) por la novena fecha de la Copa de La Liga.<\/p>\n<p><strong><span style=\"font-size: 18pt;\">\u00bfC\u00d3MO VIENEN?<\/span><\/strong><\/p>\n<p><strong>Independiente viene de ganar<\/strong> con buen rendimiento ante Argentinos Juniors por 2 a 1 con goles de Ayrton Costa (que fue tomado en contra de Palacios) e Ignacio Maestro Puch. <strong>El Rojo se encuentra en lo m\u00e1s alto de la Zona A, con 16 unidades<\/strong>. Los convocados a este encuentro por el DT Carlos T\u00e9vez son:<\/p>\n<p><img loading=\"lazy\" decoding=\"async\" class=\"aligncenter\" src=\"https:\/\/pbs.twimg.com\/media\/GH3ZqaDWEAAZ6RO?format=jpg&amp;name=900x900\" alt=\"Imagen\" width=\"447\" height=\"559\" \/><\/p>\n<p>Por su parte, <strong>el Guapo viene con buena racha tambi\u00e9n, por lo que se encuentra de escolta de Independiente con 15 unidades<\/strong>. En el encuentro pasado, <strong>Barracas Central supero a Independiente Rivadavia por 3 a 1.<\/strong> Los convocados por el DT Alejandro Orfila son:<\/p>\n<p><img loading=\"lazy\" decoding=\"async\" class=\"aligncenter\" src=\"https:\/\/pbs.twimg.com\/media\/GH3L1R1W0AAieGt?format=jpg&amp;name=medium\" alt=\"Imagen\" width=\"455\" height=\"455\" \/><\/p>\n<p><strong><span style=\"font-size: 18pt;\">POSIBLES FORMACIONES<\/span><\/strong><\/p>\n<p><span style=\"text-decoration: underline;\">Independiente<\/span>: Rodrigo\u00a0<b>Rey<\/b>; Mauricio\u00a0<b>Isla<\/b>, Felipe\u00a0<b>Aguilar<\/b>, Joaqu\u00edn\u00a0<b>Laso<\/b>, Dami\u00e1n\u00a0<b>P\u00e9rez<\/b>; Gabriel\u00a0<b>Neves<\/b>, Iv\u00e1n\u00a0<b>Marcone<\/b>, Federico\u00a0<b>Mancuello<\/b>, Lucas\u00a0<b>Gonz\u00e1lez<\/b>, Gabriel\u00a0<b>\u00c1valos\u00a0<\/b>e Ignacio\u00a0<b>Maestro Puch<\/b>.<\/p>\n<p><img data-recalc-dims=\"1\" decoding=\"async\" src=\"https:\/\/i0.wp.com\/www.diarioderivera.com.ar\/wp-content\/uploads\/2024\/03\/independiente_862x485.webp?ssl=1\" alt=\"Independiente quiere seguir puntero en su visita a Barracas Central \u2013 Diario de Rivera\" \/><\/p>\n<p><span style=\"text-decoration: underline;\">Barracas Central<\/span>: Sebasti\u00e1n\u00a0<b>Moyano<\/b>; Facundo\u00a0<b>Mater<\/b>, Nicol\u00e1s\u00a0<b>Capraro<\/b>, Gonzalo\u00a0<b>Go\u00f1i\u00a0<\/b>y Rodrigo\u00a0<b>Insua<\/b>; Rodrigo\u00a0<b>Herrera<\/b>, Siro\u00a0<b>Rosan\u00e9<\/b>; Marcos\u00a0<b>Iacobellis<\/b>, Santiago\u00a0<b>Coronel\u00a0<\/b>y Maximiliano\u00a0<b>Zalazar<\/b>; Alexis\u00a0<b>Dom\u00ednguez<\/b>.<\/p>\n<p><strong><span style=\"font-size: 18pt;\">HISTORIAL\u00a0<\/span><\/strong><\/p>\n<p><strong>El historial entre Independiente y Barracas Central es corto<\/strong>, ya que solo cuenta con 16 partidos, en los cuales Independiente se llev\u00f3 el triunfo en 6 oportunidades, en 5 hubo empate y cay\u00f3 ante el Guapo en 5 oportunidades. <span style=\"text-decoration: underline;\">Por lo que el Rojo le lleva un saldo positivo de un partido.\u00a0<\/span><\/p>\n<p><img data-recalc-dims=\"1\" decoding=\"async\" src=\"https:\/\/i0.wp.com\/cdn.futbolargentino.com\/sdi\/2024\/03\/04\/barracas-central-vs-independiente-en-vivo-online-en-directo-por-la-fecha-8-de-la-copa-de-la-liga-profesional-1227859.jpg?ssl=1\" alt=\"Barracas Central vs. Independiente por la fecha 9 de la Copa LPF: formaciones, hora y d\u00f3nde ver en tv\" \/><\/p>\n<p><span style=\"font-size: 18pt;\"><strong>TERNA ARBITRAL\u00a0<\/strong><\/span><\/p>\n<p>El \u00e1rbitro principal de esta tarde-noche es<strong> P\u00e1blo D\u00f3valo<\/strong>, quien estar\u00e1 acompa\u00f1ado por los asistentes <strong>Lucas Germanotta<\/strong> y <strong>Juan Del Fueyo<\/strong>. Adem\u00e1s, el cuarto \u00e1rbitro ser\u00e1 <strong>Javier Delbarba<\/strong>. Por su parte, el VAR estar\u00e1 manejado por<strong> Luis Lobo Medina<\/strong> y su asistente ser\u00e1 <strong>Andr\u00e9s Gariano.<\/strong><\/p>\n<p><img data-recalc-dims=\"1\" decoding=\"async\" src=\"https:\/\/i0.wp.com\/www.sol915.com.ar\/wp-content\/uploads\/2023\/11\/Dovalo.jpg?ssl=1\" alt=\"Col\u00f3n: Pablo D\u00f3valo es el \u00e1rbitro designado para el partido ante Banfield - Sol Play 91.5\" \/><\/p>\n<p><span style=\"font-size: 18pt;\"><strong>TELEVISACI\u00d3N\u00a0<\/strong><\/span><\/p>\n<p>El encuentro podr\u00e1 verse a trav\u00e9s de la televisi\u00f3n por el canal<strong> TNT Sports<\/strong> a partir de las 18.45hs.<\/p>\n","protected":false},"excerpt":{"rendered":"<div class=\"mh-excerpt\"><p>Independiente se enfrenta ante Barracas Central el d\u00eda de hoy a las 19hs en el estadio Tom\u00e1s Adolfo Duc\u00f3 (Barracas har\u00e1 de local all\u00ed ya que su estadio esta en remodelaci\u00f3n) por la novena fecha <a class=\"mh-excerpt-more\" href=\"https:\/\/www.masrojo.com.ar\/home\/2024\/03\/05\/con-la-misma-actitud-contra-barracas\/\" title=\"Con la misma actitud contra Barracas\">[&#8230;]<\/a><\/p>\n<\/div>","protected":false},"author":6,"featured_media":72672,"comment_status":"closed","ping_status":"closed","sticky":false,"template":"","format":"standard","meta":{"_jetpack_memberships_contains_paid_content":false,"footnotes":"","jetpack_publicize_message":"","jetpack_publicize_feature_enabled":true,"jetpack_social_post_already_shared":true,"jetpack_social_options":{"image_generator_settings":{"template":"highway","enabled":false},"version":2}},"categories":[4],"tags":[1066,1051,162],"class_list":{"0":"post-72671","1":"post","2":"type-post","3":"status-publish","4":"format-standard","5":"has-post-thumbnail","7":"category-actualidad","8":"tag-barracas-central","9":"tag-copa-de-la-liga","10":"tag-previa"},"jetpack_publicize_connections":[],"jetpack_sharing_enabled":true,"jetpack_featured_media_url":"https:\/\/i0.wp.com\/www.masrojo.com.ar\/home\/wp-content\/uploads\/nosotros-vs-aaaj.jpeg?fit=900%2C600&ssl=1","jetpack_shortlink":"https:\/\/wp.me\/p90W9F-iU7","_links":{"self":[{"href":"https:\/\/www.masrojo.com.ar\/home\/wp-json\/wp\/v2\/posts\/72671"}],"collection":[{"href":"https:\/\/www.masrojo.com.ar\/home\/wp-json\/wp\/v2\/posts"}],"about":[{"href":"https:\/\/www.masrojo.com.ar\/home\/wp-json\/wp\/v2\/types\/post"}],"author":[{"embeddable":true,"href":"https:\/\/www.masrojo.com.ar\/home\/wp-json\/wp\/v2\/users\/6"}],"replies":[{"embeddable":true,"href":"https:\/\/www.masrojo.com.ar\/home\/wp-json\/wp\/v2\/comments?post=72671"}],"version-history":[{"count":2,"href":"https:\/\/www.masrojo.com.ar\/home\/wp-json\/wp\/v2\/posts\/72671\/revisions"}],"predecessor-version":[{"id":72679,"href":"https:\/\/www.masrojo.com.ar\/home\/wp-json\/wp\/v2\/posts\/72671\/revisions\/72679"}],"wp:featuredmedia":[{"embeddable":true,"href":"https:\/\/www.masrojo.com.ar\/home\/wp-json\/wp\/v2\/media\/72672"}],"wp:attachment":[{"href":"https:\/\/www.masrojo.com.ar\/home\/wp-json\/wp\/v2\/media?parent=72671"}],"wp:term":[{"taxonomy":"category","embeddable":true,"href":"https:\/\/www.masrojo.com.ar\/home\/wp-json\/wp\/v2\/categories?post=72671"},{"taxonomy":"post_tag","embeddable":true,"href":"https:\/\/www.masrojo.com.ar\/home\/wp-json\/wp\/v2\/tags?post=72671"}],"curies":[{"name":"wp","href":"https:\/\/api.w.org\/{rel}","templated":true}]}}