{"id":72681,"date":"2024-03-05T22:11:41","date_gmt":"2024-03-06T01:11:41","guid":{"rendered":"https:\/\/www.masrojo.com.ar\/home\/?p=72681"},"modified":"2024-03-05T22:40:43","modified_gmt":"2024-03-06T01:40:43","slug":"escandaloso-empate-ante-barracas-central","status":"publish","type":"post","link":"https:\/\/www.masrojo.com.ar\/home\/2024\/03\/05\/escandaloso-empate-ante-barracas-central\/","title":{"rendered":"Escandaloso empate ante Barracas Central"},"content":{"rendered":"<p><strong>Independiente se enfrent\u00f3 ante Barracas Central<\/strong> por la novena fecha de la Copa de La Liga en el Estadio Tom\u00e1s Adolfo Duc\u00f3. El encuentro finaliz\u00f3 <strong>2 a 2 con doblete de Mat\u00edas Gim\u00e9nez<\/strong> y con <span style=\"text-decoration: underline;\">Pablo D\u00f3valo de protagonista<\/span>, ya que su arbitraje fue escandaloso y pol\u00e9mico.<\/p>\n<p>T\u00e9vez plant\u00f3 al equipo con cuatro cambios en comparaci\u00f3n a Argentinos Juniors: Rodrigo <strong>Rey<\/strong>; Julio <strong>Buffarini<\/strong>, Felipe <strong>Aguilar<\/strong>, Joaqu\u00edn <strong>Laso<\/strong>, Dami\u00e1n <strong>P\u00e9rez<\/strong>; Iv\u00e1n <strong>Marcone<\/strong>, Gabriel <strong>Neves<\/strong>, Lucas <strong>Gonz\u00e1lez<\/strong>, Alex <strong>Luna<\/strong>; Ignacio <strong>Maestro Puch<\/strong> y Mat\u00edas <strong>Gim\u00e9nez Rojas.<\/strong><\/p>\n<p>El encuentro arranc\u00f3 con un Independiente superior a Barracas Central, donde a los 16&#8242; e la primera parte, <strong>Mat\u00edas Gim\u00e9nez Rojas abre el marcador con un golazo<\/strong>, donde encar\u00f3 desde la izquierda, se perfil\u00f3 y la clav\u00f3 al \u00e1ngulo del segundo palo. Y minutos despu\u00e9s, llega la gran pol\u00e9mica de la noche.<\/p>\n<p>El jugador local <strong>Alexis Dom\u00ednguez<\/strong> <strong>le pega un planchazo a Ivan Marcone<\/strong>, <strong>en la cual D\u00f3valo lo amonesta en lugar de expulsarlo<\/strong>. Nula participaci\u00f3n del VAR y la pierna del capit\u00e1n lastimada por los tapones del rival en la pantorrilla. Hubo pedido de que se involucre al VAR, reclamos pero el juez hizo caso omiso y sigui\u00f3 el encuentro tal como estaba.<\/p>\n<div style=\"width: 888px;\" class=\"wp-video\"><!--[if lt IE 9]><script>document.createElement('video');<\/script><![endif]-->\n<video class=\"wp-video-shortcode\" id=\"video-72681-1\" width=\"888\" height=\"490\" preload=\"metadata\" controls=\"controls\"><source type=\"video\/mp4\" src=\"https:\/\/www.masrojo.com.ar\/home\/wp-content\/uploads\/ssstwitter.com_1709679824929.mp4?_=1\" \/><a href=\"https:\/\/www.masrojo.com.ar\/home\/wp-content\/uploads\/ssstwitter.com_1709679824929.mp4\">https:\/\/www.masrojo.com.ar\/home\/wp-content\/uploads\/ssstwitter.com_1709679824929.mp4<\/a><\/video><\/div>\n<p>Luego, a los 29&#8242;, Siro Cabral de tiro libre iguala el partido para el local y a fines del primer tiempo, a los 45&#8242;,<strong> Alexis Dom\u00ednguez de un cabezazo da vuelta la historia en Parque Patricios. El jugador que debi\u00f3 ser expulsado fue quien di\u00f3 vuelta la situaci\u00f3n y dictaminaba el triunfo para Barracas Central.<\/strong><\/p>\n<p>Luego, con el partido caliente por los errores del \u00e1rbitro, <strong>Mat\u00edas Gim\u00e9nez empata el partido luego de un centro exquisito de Federico Mancuello<\/strong>, quien hab\u00eda ingresado en lugar de Gabriel Neves,\u00a0 y <strong>el sanjuanino de cabeza marca el segundo tanto para el Rojo.<\/strong> Y al final llega otra pol\u00e9mica, en la cual en el \u00e1rea de ataque de Independiente, el bal\u00f3n termina pegando notoriamente en el brazo del defensor de Barracas. A lo que D\u00f3valo, sin \u00e1nimos de ver qu\u00e9 hab\u00eda pasado, decide culminar el partido.<\/p>\n<p>Independiente se le fue encima y su show continuaba, por lo que termin\u00f3 expulsando post partido a Diego Segovia.<\/p>\n<p>M\u00e1s all\u00e1 del rendimiento del equipo, <strong>el partido termin\u00f3 manejado y manchado por el arbitraje de Pablo D\u00f3valo<\/strong> quien, durante la semana que se conoci\u00f3 que estaba designado para este encuentro, <strong>su historial dirigiendo a Barracas Central era llamativamente extenso y positivo, contando con un total de 23 encuentros en los cuales solamente 3 fueron derrotas para el local.<\/strong><\/p>\n<p>La bronca est\u00e1, pero ahora toca cambiar la cabeza y preparar el pr\u00f3ximo encuentro, que ser\u00e1 ante River Plate en el Estadio Libertadores de Am\u00e9rica &#8211; Ricardo Enrique Bochini el d\u00eda s\u00e1bado a las 19.15hs.<\/p>\n","protected":false},"excerpt":{"rendered":"<div class=\"mh-excerpt\"><p>Independiente se enfrent\u00f3 ante Barracas Central por la novena fecha de la Copa de La Liga en el Estadio Tom\u00e1s Adolfo Duc\u00f3. El encuentro finaliz\u00f3 2 a 2 con doblete de Mat\u00edas Gim\u00e9nez y con <a class=\"mh-excerpt-more\" href=\"https:\/\/www.masrojo.com.ar\/home\/2024\/03\/05\/escandaloso-empate-ante-barracas-central\/\" title=\"Escandaloso empate ante Barracas Central\">[&#8230;]<\/a><\/p>\n<\/div>","protected":false},"author":6,"featured_media":72682,"comment_status":"closed","ping_status":"closed","sticky":false,"template":"","format":"standard","meta":{"_jetpack_memberships_contains_paid_content":false,"footnotes":"","jetpack_publicize_message":"","jetpack_publicize_feature_enabled":true,"jetpack_social_post_already_shared":true,"jetpack_social_options":{"image_generator_settings":{"template":"highway","enabled":false},"version":2}},"categories":[4],"tags":[1066,1051,1244,741,374],"class_list":{"0":"post-72681","1":"post","2":"type-post","3":"status-publish","4":"format-standard","5":"has-post-thumbnail","7":"category-actualidad","8":"tag-barracas-central","9":"tag-copa-de-la-liga","10":"tag-pablo-dovalo","11":"tag-post-partido","12":"tag-resumen"},"jetpack_publicize_connections":[],"jetpack_sharing_enabled":true,"jetpack_featured_media_url":"https:\/\/i0.wp.com\/www.masrojo.com.ar\/home\/wp-content\/uploads\/dovalo-barracas.jpeg?fit=642%2C421&ssl=1","jetpack_shortlink":"https:\/\/wp.me\/p90W9F-iUh","_links":{"self":[{"href":"https:\/\/www.masrojo.com.ar\/home\/wp-json\/wp\/v2\/posts\/72681"}],"collection":[{"href":"https:\/\/www.masrojo.com.ar\/home\/wp-json\/wp\/v2\/posts"}],"about":[{"href":"https:\/\/www.masrojo.com.ar\/home\/wp-json\/wp\/v2\/types\/post"}],"author":[{"embeddable":true,"href":"https:\/\/www.masrojo.com.ar\/home\/wp-json\/wp\/v2\/users\/6"}],"replies":[{"embeddable":true,"href":"https:\/\/www.masrojo.com.ar\/home\/wp-json\/wp\/v2\/comments?post=72681"}],"version-history":[{"count":3,"href":"https:\/\/www.masrojo.com.ar\/home\/wp-json\/wp\/v2\/posts\/72681\/revisions"}],"predecessor-version":[{"id":72691,"href":"https:\/\/www.masrojo.com.ar\/home\/wp-json\/wp\/v2\/posts\/72681\/revisions\/72691"}],"wp:featuredmedia":[{"embeddable":true,"href":"https:\/\/www.masrojo.com.ar\/home\/wp-json\/wp\/v2\/media\/72682"}],"wp:attachment":[{"href":"https:\/\/www.masrojo.com.ar\/home\/wp-json\/wp\/v2\/media?parent=72681"}],"wp:term":[{"taxonomy":"category","embeddable":true,"href":"https:\/\/www.masrojo.com.ar\/home\/wp-json\/wp\/v2\/categories?post=72681"},{"taxonomy":"post_tag","embeddable":true,"href":"https:\/\/www.masrojo.com.ar\/home\/wp-json\/wp\/v2\/tags?post=72681"}],"curies":[{"name":"wp","href":"https:\/\/api.w.org\/{rel}","templated":true}]}}