{"id":72700,"date":"2024-03-05T23:32:35","date_gmt":"2024-03-06T02:32:35","guid":{"rendered":"https:\/\/www.masrojo.com.ar\/home\/?p=72700"},"modified":"2024-03-06T07:33:06","modified_gmt":"2024-03-06T10:33:06","slug":"hable-con-los-jugadores-antes-del-partido-les-dije-que-jugabamos-contra-14","status":"publish","type":"post","link":"https:\/\/www.masrojo.com.ar\/home\/2024\/03\/05\/hable-con-los-jugadores-antes-del-partido-les-dije-que-jugabamos-contra-14\/","title":{"rendered":"Tevez: \u00abLes dije que jug\u00e1bamos contra 14\u00bb"},"content":{"rendered":"<p><b>Carlos Tevez<\/b>\u00a0no se guard\u00f3 nada en la conferencia de prensa. Luego del\u00a0empate 2-2 con Barracas Central, el DT de\u00a0<b>Independiente\u00a0<\/b>estall\u00f3 contra el \u00e1rbitro\u00a0<b>Pablo D\u00f3valo, de pol\u00e9mico arbitraje esta noche en el Estadio Tom\u00e1s Adolfo Duc\u00f3.<\/b><\/p>\n<p>Los jugadores del\u00a0<i>Rojo\u00a0<\/i>sintieron que los fallos del juez principal condicionaron el partido. En el primer tiempo,\u00a0<b>decidi\u00f3 no echar a Alexis Dom\u00ednguez, quien minutos despu\u00e9s marc\u00f3 el 2-1 parcial<\/b>. Adem\u00e1s, sobre el cierre\u00a0<b>no sancion\u00f3 una mano en el \u00e1rea de Carlos Arce y, cuando todos se le fueron al humo, le avis\u00f3 a Iv\u00e1n Marcone que fue expulsado.<\/b><\/p>\n<p><i><b>\u00abEs muy dif\u00edcil y muy notorio porque venimos diciendo que Pablo (D\u00f3valo) con Barracas tiene antecedentes. Estuvo toda la semana esto instalado y viene y te roba igual&#8230; Es una locura lo de este tipo\u00bb<\/b><\/i>, explot\u00f3 el\u00a0<i>Apache\u00a0<\/i>contra el juez principal.<\/p>\n<p>Y levant\u00f3 cada vez m\u00e1s temperatura al recordar las jugadas m\u00e1s controversiales:<i><b>\u00a0\u00abTodav\u00eda estamos caliente. Hay que empezar a terminarla, porque si no el f\u00fatbol argentino as\u00ed es muy dif\u00edcil. La de Iv\u00e1n (Marcone) es roja. Ganando 1-0 y con diez tipos, el partido te cambia\u00bb.<\/b><\/i><\/p>\n<p>Si bien en un primer momento aclar\u00f3 que no le gusta hablar de los \u00e1rbitros, Carlitos no pudo ocultar su bronca en Parque Patricios:\u00a0<i><b>\u00abCallarse en esta instancia no me parece justo. Todos los DTs venimos pidiendo solamente una cosa: que no nos caguen. No quiero q me cobren ni bien ni mal&#8230; Que no nos caguen\u00bb.<\/b><\/i><\/p>\n<p>Para Tevez no fue ninguna sorpresa el arbitraje de D\u00f3valo:\u00a0<i><b>\u00abComo sab\u00edamos que este tipo es de hacer estas cosas&#8230; Es como que un chorro venga a tu casa y te diga que te va a robar. Y que despu\u00e9s vaya y te robe. Y con una cara que despu\u00e9s se te planta y te quiere pelear. Una locura. Caliente&#8230;\u00bb<\/b>.\u00a0<\/i>Y agreg\u00f3:\u00a0<i><b>\u00abHabl\u00e9 con los jugadores antes del partido. Les dije que jug\u00e1bamos contra 14. Lo sab\u00edamos&#8230;\u201d.<\/b><\/i><\/p>\n<p>Ya cerca del cierre de la conferencia, el t\u00e9cnico del Rey de Copas fue bajando las revoluciones:<i><b> \u201cA uno no le gusta estar de esa manera, pero llega un momento que te saca la cabeza. Despu\u00e9s podemos debatir si independiente jugo mal, bien, el planteo&#8230; Pero as\u00ed es muy dif\u00edcil\u00bb.<\/b><\/i><\/p>\n<p>Y sigui\u00f3, fuerte contra el juez:\u00a0<i><b>\u201cSiempre pido que me caguen, no quiero que me ayuden&#8230; As\u00ed me parece que el f\u00fatbol argentino hoy est\u00e1 da\u00f1ado\u00bb<\/b>.\u00a0<\/i>Al margen delos enojos y las quejas, Tevez tambi\u00e9n valor\u00f3 la actitud de sus dirigidos para reaccionar a tiempo:\u00a0<i><b>\u00abEn el segundo entramos con la actitud de querer ganarlo. Nos toc\u00f3 con Argentinos y Barracas que nos hagan goles. Trabajaremos en eso porque contra River tenes que hacer un partido perfecto\u00bb.<\/b><\/i><\/p>\n<p><iframe loading=\"lazy\" title=\"YouTube video player\" src=\"https:\/\/www.youtube.com\/embed\/1Pmd5dlazTg?si=uC_fThyVq5pTxmQm\" width=\"560\" height=\"315\" frameborder=\"0\" allowfullscreen=\"allowfullscreen\"><\/iframe><\/p>\n","protected":false},"excerpt":{"rendered":"<div class=\"mh-excerpt\"><p>Carlos Tevez\u00a0no se guard\u00f3 nada en la conferencia de prensa. Luego del\u00a0empate 2-2 con Barracas Central, el DT de\u00a0Independiente\u00a0estall\u00f3 contra el \u00e1rbitro\u00a0Pablo D\u00f3valo, de pol\u00e9mico arbitraje esta noche en el Estadio Tom\u00e1s Adolfo Duc\u00f3. Los <a class=\"mh-excerpt-more\" href=\"https:\/\/www.masrojo.com.ar\/home\/2024\/03\/05\/hable-con-los-jugadores-antes-del-partido-les-dije-que-jugabamos-contra-14\/\" title=\"Tevez: \u00abLes dije que jug\u00e1bamos contra 14\u00bb\">[&#8230;]<\/a><\/p>\n<\/div>","protected":false},"author":6,"featured_media":72701,"comment_status":"closed","ping_status":"closed","sticky":false,"template":"","format":"standard","meta":{"_jetpack_memberships_contains_paid_content":false,"footnotes":"","jetpack_publicize_message":"","jetpack_publicize_feature_enabled":true,"jetpack_social_post_already_shared":true,"jetpack_social_options":{"image_generator_settings":{"template":"highway","enabled":false},"version":2}},"categories":[4],"tags":[1066,1180,81,1051],"class_list":{"0":"post-72700","1":"post","2":"type-post","3":"status-publish","4":"format-standard","5":"has-post-thumbnail","7":"category-actualidad","8":"tag-barracas-central","9":"tag-carlos-tevez","10":"tag-conferencia-de-prensa","11":"tag-copa-de-la-liga"},"jetpack_publicize_connections":[],"jetpack_sharing_enabled":true,"jetpack_featured_media_url":"https:\/\/i0.wp.com\/www.masrojo.com.ar\/home\/wp-content\/uploads\/tevez-barracas.jpeg?fit=900%2C506&ssl=1","jetpack_shortlink":"https:\/\/wp.me\/p90W9F-iUA","_links":{"self":[{"href":"https:\/\/www.masrojo.com.ar\/home\/wp-json\/wp\/v2\/posts\/72700"}],"collection":[{"href":"https:\/\/www.masrojo.com.ar\/home\/wp-json\/wp\/v2\/posts"}],"about":[{"href":"https:\/\/www.masrojo.com.ar\/home\/wp-json\/wp\/v2\/types\/post"}],"author":[{"embeddable":true,"href":"https:\/\/www.masrojo.com.ar\/home\/wp-json\/wp\/v2\/users\/6"}],"replies":[{"embeddable":true,"href":"https:\/\/www.masrojo.com.ar\/home\/wp-json\/wp\/v2\/comments?post=72700"}],"version-history":[{"count":2,"href":"https:\/\/www.masrojo.com.ar\/home\/wp-json\/wp\/v2\/posts\/72700\/revisions"}],"predecessor-version":[{"id":72740,"href":"https:\/\/www.masrojo.com.ar\/home\/wp-json\/wp\/v2\/posts\/72700\/revisions\/72740"}],"wp:featuredmedia":[{"embeddable":true,"href":"https:\/\/www.masrojo.com.ar\/home\/wp-json\/wp\/v2\/media\/72701"}],"wp:attachment":[{"href":"https:\/\/www.masrojo.com.ar\/home\/wp-json\/wp\/v2\/media?parent=72700"}],"wp:term":[{"taxonomy":"category","embeddable":true,"href":"https:\/\/www.masrojo.com.ar\/home\/wp-json\/wp\/v2\/categories?post=72700"},{"taxonomy":"post_tag","embeddable":true,"href":"https:\/\/www.masrojo.com.ar\/home\/wp-json\/wp\/v2\/tags?post=72700"}],"curies":[{"name":"wp","href":"https:\/\/api.w.org\/{rel}","templated":true}]}}