{"id":72828,"date":"2024-03-13T21:00:43","date_gmt":"2024-03-14T00:00:43","guid":{"rendered":"https:\/\/www.masrojo.com.ar\/home\/?p=72828"},"modified":"2024-03-13T21:00:43","modified_gmt":"2024-03-14T00:00:43","slug":"queremos-ser-campeones-y-clasificar-a-las-copas","status":"publish","type":"post","link":"https:\/\/www.masrojo.com.ar\/home\/2024\/03\/13\/queremos-ser-campeones-y-clasificar-a-las-copas\/","title":{"rendered":"\u00abQueremos ser campeones y clasificar a las copas\u00bb"},"content":{"rendered":"<p>Carlos T\u00e9vez di\u00f3 una nota a <i style=\"font-weight: bold;\">Clank!, <\/i>donde revel\u00f3 su momento a la hora de tomar el cargo de DT de Independiente, sobretodo en el dif\u00edcil presente que estaba pasando el club en la tabla anual.<\/p>\n<p>El\u00a0<i>Apache<\/i>, quien lleva 24 partidos en el conjunto de Avellaneda, se lament\u00f3 la derrota en la \u00faltima fecha de la Copa de la Liga pasada por 3-2 ante Talleres que no le permiti\u00f3 avanzar a los duelos de eliminaci\u00f3n directa:\u00a0<i><b>\u00abEstamos construyendo en un pantano. El presidente elegido y el vice se fueron, a<\/b><\/i>\u00a0(Iv\u00e1n)\u00a0<i><b>Marcone y otros jugadores que hoy son referentes de este equipo antes en los partidos los puteaban.\u00a0<\/b>Nos salvamos del descenso ante Atl\u00e9tico Tucum\u00e1n y quedamos afuera en la \u00faltima fecha, sino \u00edbamos a ser candidatos. Luego seguimos construyendo\u00bb.\u00a0<\/i><\/p>\n<p>Adem\u00e1s, remarc\u00f3 c\u00f3mo fue el \u00faltimo mercado de pases de la instituci\u00f3n y se ilusion\u00f3 con lo que viene:<i>\u00a0<b>\u00abNo sab\u00edamos qu\u00e9 presupuesto ten\u00edamos, por eso presentamos diferentes opciones. Les dije: &#8216;Traigan lo que podamos&#8217;. Yo me acopl\u00e9 al club.\u00a0<\/b>Desde que agarramos fuimos, junto a River y Racing, creo que los que m\u00e1s puntos sacamos.<b>\u00a0Entiendo al hincha de Independiente, pero estamos construyendo, no hay que volverse loco. Queremos ser campeones y clasificar a las copas, y sabemos que nos tenemos que hacer cargo de esta ilusi\u00f3n que le damos a la gente\u00bb<\/b>.<\/i><\/p>\n<p><i>\u00ab<b>Hoy estoy en un club grande como Independiente en el que hay que tomar decisiones y yo no tengo ni un a\u00f1o de experiencia.<\/b>\u00a0Les digo a los muchachos que tenemos una estabilidad y vamos construyendo. A veces jugamos mejor que otras, pero vamos mejorando.\u00a0<b>Somos el 16\u00b0 equipo en cuanto al valor del plantel.\u00a0<\/b>En el f\u00fatbol argentino si gan\u00e1s un partido sos Guardiola y si al siguiente perd\u00e9s no sab\u00e9s nada. Hay que mantener una l\u00ednea de manejo\u00bb<\/i>, se\u00f1al\u00f3 Carlitos.<\/p>\n<p>A su vez, sobre las cr\u00edticas que pueda recibir, opin\u00f3:\u00a0<i>\u00abToda mi carrera dur\u00f3 la pregunta si era mediapunta o nueve. Yo creo que mediapunta. Y creo que\u00a0<b>ahora va a durar si hice el curso de entrenador o no, que claro que lo hice, sino no podr\u00eda dirigir.\u00a0<\/b>Tambi\u00e9n me persigue ser el negrito que sali\u00f3 del barrio y que no puede lograr lo que hizo como jugador, pero lo tomo con naturalidad\u00bb<\/i>.<\/p>\n","protected":false},"excerpt":{"rendered":"<div class=\"mh-excerpt\"><p>Carlos T\u00e9vez di\u00f3 una nota a Clank!, donde revel\u00f3 su momento a la hora de tomar el cargo de DT de Independiente, sobretodo en el dif\u00edcil presente que estaba pasando el club en la tabla <a class=\"mh-excerpt-more\" href=\"https:\/\/www.masrojo.com.ar\/home\/2024\/03\/13\/queremos-ser-campeones-y-clasificar-a-las-copas\/\" title=\"\u00abQueremos ser campeones y clasificar a las copas\u00bb\">[&#8230;]<\/a><\/p>\n<\/div>","protected":false},"author":6,"featured_media":72440,"comment_status":"closed","ping_status":"closed","sticky":false,"template":"","format":"standard","meta":{"_jetpack_memberships_contains_paid_content":false,"footnotes":"","jetpack_publicize_message":"","jetpack_publicize_feature_enabled":true,"jetpack_social_post_already_shared":true,"jetpack_social_options":{"image_generator_settings":{"template":"highway","enabled":false},"version":2}},"categories":[4],"tags":[1180],"class_list":{"0":"post-72828","1":"post","2":"type-post","3":"status-publish","4":"format-standard","5":"has-post-thumbnail","7":"category-actualidad","8":"tag-carlos-tevez"},"jetpack_publicize_connections":[],"jetpack_sharing_enabled":true,"jetpack_featured_media_url":"https:\/\/i0.wp.com\/www.masrojo.com.ar\/home\/wp-content\/uploads\/tevez-instituto-2024.jpeg?fit=900%2C600&ssl=1","jetpack_shortlink":"https:\/\/wp.me\/p90W9F-iWE","_links":{"self":[{"href":"https:\/\/www.masrojo.com.ar\/home\/wp-json\/wp\/v2\/posts\/72828"}],"collection":[{"href":"https:\/\/www.masrojo.com.ar\/home\/wp-json\/wp\/v2\/posts"}],"about":[{"href":"https:\/\/www.masrojo.com.ar\/home\/wp-json\/wp\/v2\/types\/post"}],"author":[{"embeddable":true,"href":"https:\/\/www.masrojo.com.ar\/home\/wp-json\/wp\/v2\/users\/6"}],"replies":[{"embeddable":true,"href":"https:\/\/www.masrojo.com.ar\/home\/wp-json\/wp\/v2\/comments?post=72828"}],"version-history":[{"count":2,"href":"https:\/\/www.masrojo.com.ar\/home\/wp-json\/wp\/v2\/posts\/72828\/revisions"}],"predecessor-version":[{"id":72835,"href":"https:\/\/www.masrojo.com.ar\/home\/wp-json\/wp\/v2\/posts\/72828\/revisions\/72835"}],"wp:featuredmedia":[{"embeddable":true,"href":"https:\/\/www.masrojo.com.ar\/home\/wp-json\/wp\/v2\/media\/72440"}],"wp:attachment":[{"href":"https:\/\/www.masrojo.com.ar\/home\/wp-json\/wp\/v2\/media?parent=72828"}],"wp:term":[{"taxonomy":"category","embeddable":true,"href":"https:\/\/www.masrojo.com.ar\/home\/wp-json\/wp\/v2\/categories?post=72828"},{"taxonomy":"post_tag","embeddable":true,"href":"https:\/\/www.masrojo.com.ar\/home\/wp-json\/wp\/v2\/tags?post=72828"}],"curies":[{"name":"wp","href":"https:\/\/api.w.org\/{rel}","templated":true}]}}