{"id":72861,"date":"2024-03-15T10:03:40","date_gmt":"2024-03-15T13:03:40","guid":{"rendered":"https:\/\/www.masrojo.com.ar\/home\/?p=72861"},"modified":"2024-03-14T15:16:22","modified_gmt":"2024-03-14T18:16:22","slug":"a-conquistar-la-punta","status":"publish","type":"post","link":"https:\/\/www.masrojo.com.ar\/home\/2024\/03\/15\/a-conquistar-la-punta\/","title":{"rendered":"A conquistar la punta"},"content":{"rendered":"<p>Independiente se enfrentar\u00e1 este viernes a las 16.30hs ante Deportivo Riestra en el Estadio Guillermo Laza por la fecha once de la Copa de La Liga.<\/p>\n<p>El Rojo viene de tener un gran partido ante River Plate, que por poco no logr\u00f3 ganarlo. Finalmente se le abri\u00f3 el arco a Gabriel \u00c1valos y convirti\u00f3 lo que fue el empate 1 a 1. El Rojo se encuentra en la cuarta posici\u00f3n de la tabla de la Zona A con exactamente la misma cantidad de puntos (18) que River, Talleres y Argentinos Juniors. Es decir, que la punta est\u00e1 conformada por los cuatro equipos. Cabe destacar que en este encuentro no podr\u00e1 estar Iv\u00e1n Marcone debido a que fue expulsado ante River a los 92&#8242; por doble amarilla.<\/p>\n<p><img data-recalc-dims=\"1\" loading=\"lazy\" decoding=\"async\" class=\"aligncenter  wp-image-72795\" src=\"https:\/\/i0.wp.com\/www.masrojo.com.ar\/home\/wp-content\/uploads\/%C3%A1valos-gol.png?resize=431%2C353&#038;ssl=1\" alt=\"\" width=\"431\" height=\"353\" srcset=\"https:\/\/i0.wp.com\/www.masrojo.com.ar\/home\/wp-content\/uploads\/%C3%A1valos-gol.png?w=672&amp;ssl=1 672w, https:\/\/i0.wp.com\/www.masrojo.com.ar\/home\/wp-content\/uploads\/%C3%A1valos-gol.png?resize=300%2C246&amp;ssl=1 300w\" sizes=\"(max-width: 431px) 100vw, 431px\" \/><\/p>\n<p>Por su parte, Riestra se encuentra en la decimosegunda posici\u00f3n con tan solo 8 puntos. A lo largo de su primera actuaci\u00f3n en la Primera Divisi\u00f3n, el Blanquinegro conquist\u00f3 dos triunfos (ante Atl\u00e9tico Tucum\u00e1n e Independiente Rivadavia), dos empates y seis derrotas. su \u00faltimo partido fue ante Independiente Rivadavia, en el cual triunf\u00f3 por 2 a 1, dando vuelta el partido con goles de Jonathan Herrera y Jonatan Goitia.<\/p>\n<p><span style=\"font-size: 18pt;\"><strong>POSIBLES FORMACIONES\u00a0<\/strong><\/span><\/p>\n<p>Independiente:<\/p>\n<p>Rodrigo\u00a0<b>Rey<\/b>; Mauricio\u00a0<b>Isla,<\/b>\u00a0Joaqu\u00edn\u00a0<b>Laso<\/b>, Ayrton\u00a0<b>Costa,<\/b>\u00a0Adri\u00e1n\u00a0<b>Sporle;<\/b>\u00a0Alex\u00a0<b>Luna,<\/b>\u00a0David\u00a0<b>Mart\u00ednez<\/b>, Federico\u00a0<b>Mancuello<\/b>, Lucas\u00a0<b>Gonz\u00e1lez;<\/b>\u00a0Mat\u00edas\u00a0<b>Gim\u00e9nez\u00a0<\/b>y Gabriel\u00a0<b>\u00c1valos.<\/b><\/p>\n<p><img data-recalc-dims=\"1\" loading=\"lazy\" decoding=\"async\" class=\"aligncenter  wp-image-72779\" src=\"https:\/\/i0.wp.com\/www.masrojo.com.ar\/home\/wp-content\/uploads\/PUNTAJES-RIVER.jpeg?resize=680%2C447&#038;ssl=1\" alt=\"\" width=\"680\" height=\"447\" srcset=\"https:\/\/i0.wp.com\/www.masrojo.com.ar\/home\/wp-content\/uploads\/PUNTAJES-RIVER.jpeg?w=900&amp;ssl=1 900w, https:\/\/i0.wp.com\/www.masrojo.com.ar\/home\/wp-content\/uploads\/PUNTAJES-RIVER.jpeg?resize=300%2C197&amp;ssl=1 300w, https:\/\/i0.wp.com\/www.masrojo.com.ar\/home\/wp-content\/uploads\/PUNTAJES-RIVER.jpeg?resize=768%2C505&amp;ssl=1 768w\" sizes=\"(max-width: 680px) 100vw, 680px\" \/><\/p>\n<div id=\"ad-slot-inline2\" class=\"ad-slot-inline_grande ad-slot\" data-adzonerun=\"1\" data-adtype=\"inline_grande\" data-google-query-id=\"CLGkr8Or9IQDFbdLuAQdyEcNTg\">\n<div id=\"google_ads_iframe_\/125006397\/tyc\/nota\/inline2_0__container__\">Riestra:<\/div>\n<div>Ignacio <strong>Arce<\/strong>; Nicol\u00e1s <strong>Caro Torres<\/strong>, Mauro <strong>Ortiz<\/strong>, Milton <strong>Celiz<\/strong>, Jonathan <strong>Herrera<\/strong>, Nicol\u00e1s <strong>Sansostre<\/strong>, Guillermo <strong>Pereira<\/strong>, Jonatan <strong>Goya<\/strong>, Nicol\u00e1s <strong>Benegas<\/strong>, Delfor <strong>Minervino<\/strong> y Alan <strong>Barrionuevo<\/strong>.<\/div>\n<div><\/div>\n<div><span style=\"font-size: 18pt;\"><strong>TERNA ARBITRAL\u00a0<\/strong><\/span><\/div>\n<div>\n<p><b>El \u00e1rbitro principal ser\u00e1 Leandro Rey Hilfer<\/b>, qui\u00e9n tendr\u00e1 como asistentes a\u00a0<b>Miguel Savorani y Marcelo Bistocco<\/b>, mientras que<b>\u00a0Santiago Araujo ser\u00e1 el cuarto \u00e1rbitro<\/b>. Nicol\u00e1s Lamolina estar\u00e1 a cargo del VAR y Mariana De Almeida ser\u00e1 la AVAR.<\/p>\n<p><img data-recalc-dims=\"1\" loading=\"lazy\" decoding=\"async\" class=\"aligncenter\" src=\"https:\/\/i0.wp.com\/velez.com.ar\/img\/noticias\/22\/rey-hilferjpg.jpg?resize=656%2C369&#038;ssl=1\" alt=\"Rey Hilfer, el juez \/ V\u00e9lez Sarsfield\" width=\"656\" height=\"369\" \/><\/p>\n<p>El \u00e1rbitro de 39 a\u00f1os tiene un historial favorable con el\u00a0<i>\u00abRojo\u00bb<\/i>\u00a0ya que\u00a0<b>lo dirigi\u00f3 en seis oportunidades, con cuatro victorias y dos empates para el conjunto de Avellaneda<\/b>. El antecedente m\u00e1s reciente fue la victoria del\u00a0<i>\u00abRey de Copas\u00bb\u00a0<\/i>ante\u00a0<b>Rosario Central<\/b>\u00a0por 1-0 con gol de<b>\u00a0Federico Mancuello<\/b> por la Fecha N\u00ba5.<\/p>\n<p><span style=\"font-size: 18pt;\"><strong>TELEVISACI\u00d3N\u00a0<\/strong><\/span><\/p>\n<p>El encuentro podr\u00e1 verse a trav\u00e9s del canal TNT Sports a partir de las 16.15hs.<\/p>\n<\/div>\n<\/div>\n<div><\/div>\n<div><\/div>\n","protected":false},"excerpt":{"rendered":"<div class=\"mh-excerpt\"><p>Independiente se enfrentar\u00e1 este viernes a las 16.30hs ante Deportivo Riestra en el Estadio Guillermo Laza por la fecha once de la Copa de La Liga. El Rojo viene de tener un gran partido ante <a class=\"mh-excerpt-more\" href=\"https:\/\/www.masrojo.com.ar\/home\/2024\/03\/15\/a-conquistar-la-punta\/\" title=\"A conquistar la punta\">[&#8230;]<\/a><\/p>\n<\/div>","protected":false},"author":6,"featured_media":72771,"comment_status":"closed","ping_status":"closed","sticky":false,"template":"","format":"standard","meta":{"_jetpack_memberships_contains_paid_content":false,"footnotes":"","jetpack_publicize_message":"","jetpack_publicize_feature_enabled":true,"jetpack_social_post_already_shared":true,"jetpack_social_options":{"image_generator_settings":{"template":"highway","enabled":false},"version":2}},"categories":[4],"tags":[1051,482,162],"class_list":{"0":"post-72861","1":"post","2":"type-post","3":"status-publish","4":"format-standard","5":"has-post-thumbnail","7":"category-actualidad","8":"tag-copa-de-la-liga","9":"tag-deportivo-riestra","10":"tag-previa"},"jetpack_publicize_connections":[],"jetpack_sharing_enabled":true,"jetpack_featured_media_url":"https:\/\/i0.wp.com\/www.masrojo.com.ar\/home\/wp-content\/uploads\/avalos-river.jpeg?fit=900%2C574&ssl=1","jetpack_shortlink":"https:\/\/wp.me\/p90W9F-iXb","_links":{"self":[{"href":"https:\/\/www.masrojo.com.ar\/home\/wp-json\/wp\/v2\/posts\/72861"}],"collection":[{"href":"https:\/\/www.masrojo.com.ar\/home\/wp-json\/wp\/v2\/posts"}],"about":[{"href":"https:\/\/www.masrojo.com.ar\/home\/wp-json\/wp\/v2\/types\/post"}],"author":[{"embeddable":true,"href":"https:\/\/www.masrojo.com.ar\/home\/wp-json\/wp\/v2\/users\/6"}],"replies":[{"embeddable":true,"href":"https:\/\/www.masrojo.com.ar\/home\/wp-json\/wp\/v2\/comments?post=72861"}],"version-history":[{"count":1,"href":"https:\/\/www.masrojo.com.ar\/home\/wp-json\/wp\/v2\/posts\/72861\/revisions"}],"predecessor-version":[{"id":72862,"href":"https:\/\/www.masrojo.com.ar\/home\/wp-json\/wp\/v2\/posts\/72861\/revisions\/72862"}],"wp:featuredmedia":[{"embeddable":true,"href":"https:\/\/www.masrojo.com.ar\/home\/wp-json\/wp\/v2\/media\/72771"}],"wp:attachment":[{"href":"https:\/\/www.masrojo.com.ar\/home\/wp-json\/wp\/v2\/media?parent=72861"}],"wp:term":[{"taxonomy":"category","embeddable":true,"href":"https:\/\/www.masrojo.com.ar\/home\/wp-json\/wp\/v2\/categories?post=72861"},{"taxonomy":"post_tag","embeddable":true,"href":"https:\/\/www.masrojo.com.ar\/home\/wp-json\/wp\/v2\/tags?post=72861"}],"curies":[{"name":"wp","href":"https:\/\/api.w.org\/{rel}","templated":true}]}}