{"id":72877,"date":"2024-03-16T14:40:28","date_gmt":"2024-03-16T17:40:28","guid":{"rendered":"https:\/\/www.masrojo.com.ar\/home\/?p=72877"},"modified":"2024-03-18T14:55:30","modified_gmt":"2024-03-18T17:55:30","slug":"terrible-derrota-ante-deportivo-riestra","status":"publish","type":"post","link":"https:\/\/www.masrojo.com.ar\/home\/2024\/03\/16\/terrible-derrota-ante-deportivo-riestra\/","title":{"rendered":"Terrible derrota ante Deportivo Riestra"},"content":{"rendered":"<p>El cambio de cara que sufri\u00f3\u00a0<b>Independiente\u00a0<\/b>desde la semana pasada ante\u00a0<b>River<\/b> al encuentro\u00a0 ante <b>Deportivo Riestra<\/b>\u00a0preocupa en lo interno y l<b>a tarde en Bajo Flores termin\u00f3 con una charla del plantel, un cambio de planes en la agenda inmediata y silencio del entrenador y los jugadores al final del partido.<\/b><\/p>\n<p>Desde lo t\u00e1ctico,\u00a0<b>Carlos Tevez\u00a0<\/b>decidi\u00f3 mantener el esquema que utiliz\u00f3 ante River y apost\u00f3 por\u00a0<b>Gabriel Neves como volante central, rodeado de Lucas Gonz\u00e1lez y Federico Mancuello, imaginando que al ser una cancha chica no iba a quedar tan expuesto\u00a0<\/b>e iba a tener con \u00e9l un pase claro desde la gestaci\u00f3n. Sin embargo esa lectura no fue la adecuada y\u00a0<b>el equipo casi no pudo competir,\u00a0<\/b>sin precisi\u00f3n, sin lograr sociedades, lo que oblig\u00f3 a que el entrenador cambiara abandonando la l\u00ednea de cinco defensores y con<b>\u00a0David Tata Mart\u00ednez\u00a0<\/b>ingresando por e mediocampista uruguayo.<\/p>\n<section class=\"fluidMedia\">\n<div id=\"video-genoa-690764\" class=\"player-nota-wrapper genoa-async lazycontainer\" data-contentid=\"1591370\" data-share=\"https:\/\/www.tycsports.com\/independiente\/independiente-carlos-tevez-copa-de-la-liga-deportivo-riestra-id571214.html\">\n<div class=\"player-nota-overlay\">\n<p><b>Las modificaciones no cambiaron casi nada<\/b>\u00a0en el tr\u00e1mite del partido:\u00a0<b>igual sigui\u00f3 sin siquiera luchar,<\/b>\u00a0no pudo hacer pr\u00e1cticamente nada y s\u00f3lo avanz\u00f3 a los ponchazos, con alguna oportunidad de\u00a0<b>Gabriel \u00c1valos\u00a0<\/b>pero lejos,\u00a0<b>muy lejos de lo que se pudo ver de casi los mismos protagonistas ante River<\/b>. Independiente sabe que si realmente quiere pelear por el t\u00edtulo de la Copa de la Liga\u00a0<b>no puede perder esta clase de partidos.\u00a0<\/b>Ahora s\u00ed que el Rojo est\u00e1 justo, sin margen de error, porque quedan apenas tres jornadas y la Zona A muestra una paridad que no perdona a qui\u00e9n se manca.<\/p>\n<div class=\"watchto-wrap\" data-mrf-recirculation=\"Intext Widget\">\n<div class=\"watchto\">\n<p><b>El post partido incluy\u00f3 una charla de los jugadores en el vestuario sin presencia de ning\u00fan integrante del cuerpo t\u00e9cnico, en la que hubo mucha autocr\u00edtica\u00a0<\/b>y algunas cuestiones que van a seguir durante el fin de semana, ya que la derrota modific\u00f3 los planes. El plantel, que<b>\u00a0iba a tener el fin de semana libre, finalmente entrenar\u00e1 los dos d\u00edas\u00a0<\/b>para tratar de recuperarse de lo que no fue una derrota m\u00e1s<\/p>\n<\/div>\n<\/div>\n<\/div>\n<\/div>\n<\/section>\n","protected":false},"excerpt":{"rendered":"<div class=\"mh-excerpt\"><p>El cambio de cara que sufri\u00f3\u00a0Independiente\u00a0desde la semana pasada ante\u00a0River al encuentro\u00a0 ante Deportivo Riestra\u00a0preocupa en lo interno y la tarde en Bajo Flores termin\u00f3 con una charla del plantel, un cambio de planes en <a class=\"mh-excerpt-more\" href=\"https:\/\/www.masrojo.com.ar\/home\/2024\/03\/16\/terrible-derrota-ante-deportivo-riestra\/\" title=\"Terrible derrota ante Deportivo Riestra\">[&#8230;]<\/a><\/p>\n<\/div>","protected":false},"author":6,"featured_media":72878,"comment_status":"closed","ping_status":"closed","sticky":false,"template":"","format":"standard","meta":{"_jetpack_memberships_contains_paid_content":false,"footnotes":"","jetpack_publicize_message":"","jetpack_publicize_feature_enabled":true,"jetpack_social_post_already_shared":true,"jetpack_social_options":{"image_generator_settings":{"template":"highway","enabled":false},"version":2}},"categories":[4],"tags":[482,374],"class_list":{"0":"post-72877","1":"post","2":"type-post","3":"status-publish","4":"format-standard","5":"has-post-thumbnail","7":"category-actualidad","8":"tag-deportivo-riestra","9":"tag-resumen"},"jetpack_publicize_connections":[],"jetpack_sharing_enabled":true,"jetpack_featured_media_url":"https:\/\/i0.wp.com\/www.masrojo.com.ar\/home\/wp-content\/uploads\/isla-riestra.jpeg?fit=680%2C453&ssl=1","jetpack_shortlink":"https:\/\/wp.me\/p90W9F-iXr","_links":{"self":[{"href":"https:\/\/www.masrojo.com.ar\/home\/wp-json\/wp\/v2\/posts\/72877"}],"collection":[{"href":"https:\/\/www.masrojo.com.ar\/home\/wp-json\/wp\/v2\/posts"}],"about":[{"href":"https:\/\/www.masrojo.com.ar\/home\/wp-json\/wp\/v2\/types\/post"}],"author":[{"embeddable":true,"href":"https:\/\/www.masrojo.com.ar\/home\/wp-json\/wp\/v2\/users\/6"}],"replies":[{"embeddable":true,"href":"https:\/\/www.masrojo.com.ar\/home\/wp-json\/wp\/v2\/comments?post=72877"}],"version-history":[{"count":1,"href":"https:\/\/www.masrojo.com.ar\/home\/wp-json\/wp\/v2\/posts\/72877\/revisions"}],"predecessor-version":[{"id":72884,"href":"https:\/\/www.masrojo.com.ar\/home\/wp-json\/wp\/v2\/posts\/72877\/revisions\/72884"}],"wp:featuredmedia":[{"embeddable":true,"href":"https:\/\/www.masrojo.com.ar\/home\/wp-json\/wp\/v2\/media\/72878"}],"wp:attachment":[{"href":"https:\/\/www.masrojo.com.ar\/home\/wp-json\/wp\/v2\/media?parent=72877"}],"wp:term":[{"taxonomy":"category","embeddable":true,"href":"https:\/\/www.masrojo.com.ar\/home\/wp-json\/wp\/v2\/categories?post=72877"},{"taxonomy":"post_tag","embeddable":true,"href":"https:\/\/www.masrojo.com.ar\/home\/wp-json\/wp\/v2\/tags?post=72877"}],"curies":[{"name":"wp","href":"https:\/\/api.w.org\/{rel}","templated":true}]}}