{"id":72917,"date":"2024-03-18T16:06:55","date_gmt":"2024-03-18T19:06:55","guid":{"rendered":"https:\/\/www.masrojo.com.ar\/home\/?p=72917"},"modified":"2024-03-18T16:06:55","modified_gmt":"2024-03-18T19:06:55","slug":"se-confirmo-la-gravedad-de-la-lesion-de-matias-gimenez","status":"publish","type":"post","link":"https:\/\/www.masrojo.com.ar\/home\/2024\/03\/18\/se-confirmo-la-gravedad-de-la-lesion-de-matias-gimenez\/","title":{"rendered":"Se confirm\u00f3 la gravedad de la lesi\u00f3n de Mat\u00edas Gim\u00e9nez"},"content":{"rendered":"<p>En el entrenamiento del d\u00eda de hoy, Mat\u00edas Gim\u00e9nez se retir\u00f3 lesionado de su rodilla derecha con un panorama complicado.<\/p>\n<p>Luego de realizarse los estudios pertinentes, los mismos arrojaron que el sanjuanino se rompi\u00f3 los ligamentos cruzados de su rodilla derecha, por lo que se estima una recuperaci\u00f3n de siete meses a nueve meses, dej\u00e1ndolo as\u00ed fuera de las canchas hasta el a\u00f1o que viene.<\/p>\n<p>En los siete encuentros que disput\u00f3 en la presente Copa de la Liga Profesional, anot\u00f3 dos goles, ambos frente a Barracas Central en el empate 2 a 2.<\/p>\n","protected":false},"excerpt":{"rendered":"<div class=\"mh-excerpt\"><p>En el entrenamiento del d\u00eda de hoy, Mat\u00edas Gim\u00e9nez se retir\u00f3 lesionado de su rodilla derecha con un panorama complicado. Luego de realizarse los estudios pertinentes, los mismos arrojaron que el sanjuanino se rompi\u00f3 los <a class=\"mh-excerpt-more\" href=\"https:\/\/www.masrojo.com.ar\/home\/2024\/03\/18\/se-confirmo-la-gravedad-de-la-lesion-de-matias-gimenez\/\" title=\"Se confirm\u00f3 la gravedad de la lesi\u00f3n de Mat\u00edas Gim\u00e9nez\">[&#8230;]<\/a><\/p>\n<\/div>","protected":false},"author":6,"featured_media":72918,"comment_status":"closed","ping_status":"closed","sticky":false,"template":"","format":"standard","meta":{"_jetpack_memberships_contains_paid_content":false,"footnotes":"","jetpack_publicize_message":"","jetpack_publicize_feature_enabled":true,"jetpack_social_post_already_shared":true,"jetpack_social_options":{"image_generator_settings":{"template":"highway","enabled":false},"version":2}},"categories":[4],"tags":[582,1149],"class_list":{"0":"post-72917","1":"post","2":"type-post","3":"status-publish","4":"format-standard","5":"has-post-thumbnail","7":"category-actualidad","8":"tag-lesion","9":"tag-matias-gimenez-rojas"},"jetpack_publicize_connections":[],"jetpack_sharing_enabled":true,"jetpack_featured_media_url":"https:\/\/i0.wp.com\/www.masrojo.com.ar\/home\/wp-content\/uploads\/gim%C3%A9nez-lesi%C3%B3n.jpeg?fit=680%2C453&ssl=1","jetpack_shortlink":"https:\/\/wp.me\/p90W9F-iY5","_links":{"self":[{"href":"https:\/\/www.masrojo.com.ar\/home\/wp-json\/wp\/v2\/posts\/72917"}],"collection":[{"href":"https:\/\/www.masrojo.com.ar\/home\/wp-json\/wp\/v2\/posts"}],"about":[{"href":"https:\/\/www.masrojo.com.ar\/home\/wp-json\/wp\/v2\/types\/post"}],"author":[{"embeddable":true,"href":"https:\/\/www.masrojo.com.ar\/home\/wp-json\/wp\/v2\/users\/6"}],"replies":[{"embeddable":true,"href":"https:\/\/www.masrojo.com.ar\/home\/wp-json\/wp\/v2\/comments?post=72917"}],"version-history":[{"count":1,"href":"https:\/\/www.masrojo.com.ar\/home\/wp-json\/wp\/v2\/posts\/72917\/revisions"}],"predecessor-version":[{"id":72924,"href":"https:\/\/www.masrojo.com.ar\/home\/wp-json\/wp\/v2\/posts\/72917\/revisions\/72924"}],"wp:featuredmedia":[{"embeddable":true,"href":"https:\/\/www.masrojo.com.ar\/home\/wp-json\/wp\/v2\/media\/72918"}],"wp:attachment":[{"href":"https:\/\/www.masrojo.com.ar\/home\/wp-json\/wp\/v2\/media?parent=72917"}],"wp:term":[{"taxonomy":"category","embeddable":true,"href":"https:\/\/www.masrojo.com.ar\/home\/wp-json\/wp\/v2\/categories?post=72917"},{"taxonomy":"post_tag","embeddable":true,"href":"https:\/\/www.masrojo.com.ar\/home\/wp-json\/wp\/v2\/tags?post=72917"}],"curies":[{"name":"wp","href":"https:\/\/api.w.org\/{rel}","templated":true}]}}