{"id":72983,"date":"2024-03-23T12:41:43","date_gmt":"2024-03-23T15:41:43","guid":{"rendered":"https:\/\/www.masrojo.com.ar\/home\/?p=72983"},"modified":"2024-03-23T12:41:43","modified_gmt":"2024-03-23T15:41:43","slug":"no-voy-a-ir-a-la-noche-del-rey","status":"publish","type":"post","link":"https:\/\/www.masrojo.com.ar\/home\/2024\/03\/23\/no-voy-a-ir-a-la-noche-del-rey\/","title":{"rendered":"\u00abNo voy a ir a la Noche del Rey\u00bb"},"content":{"rendered":"<p class=\"capital\"><b>Carlos Tevez\u00a0<\/b>habl\u00f3 en conferencia de prensa luego de la<b>\u00a0goleada 3-0 de Independiente<\/b>\u00a0sobre\u00a0<b>Laferrere\u00a0<\/b>por los\u00a0<b>32avos de final de la Copa Argentina\u00a0<\/b>en el estadio Ciudad de Lan\u00fas y volvi\u00f3 a referirse al arbitraje, luego de una\u00a0<b>controversial primera etapa<\/b>\u00a0donde su equipo sufri\u00f3 varios fallos arbitrales en contra.<b>\u00a0<\/b><\/p>\n<div id=\"ad-slot-inline1\" class=\"ad-slot-inline1 ad-slot\" data-adzonerun=\"1\" data-adtype=\"inline1\" data-google-query-id=\"COCj1O7ZioUDFXlc3QIdA5YI8w\">\n<p><i><b>\u00abDespu\u00e9s el arbitraje&#8230; Muchachos, ya sabemos que la cosa va a ser as\u00ed hasta el final. Nos tenemos que callar, nos tenemos que seguir haciendo m\u00e9rito para ganar. Sea contra el \u00e1rbitro, sea contra cualquiera\u00bb<\/b><\/i>, con respecto a un pol\u00e9mico primer acto del duelo.<\/p>\n<p>El Rojo fue v\u00edctima de muchos agarrones en el \u00e1rea rival por parte de los defensores de Lafe que no fueron sancionados como penales en su favor o expulsi\u00f3n para el arquero rival.\u00a0<b>Primero Hern\u00e1n Ortiz sujet\u00f3 a Alexis Canelo, luego Carlos Morel deriv\u00f3 a Gabriel \u00c1valos y Alejandro G\u00f3mez tambi\u00e9n protagoniz\u00f3 un burdo agarr\u00f3n sobre Ayrton Costa<\/b>\u00a0en jugadas que no fueron advertidas por el \u00e1rbitro\u00a0<b>Hern\u00e1n Mastrangelo<\/b>.<\/p>\n<div>Tambi\u00e9n habl\u00f3 sobre el futuro en la Copa de la Liga que le queda a Independiente: <i>\u00abTenemos tres finales y depende de lo que hagamos nosotros. Seguiremos con la misma mentalidad e intensidad. Este equipo puede dar m\u00e1s\u00bb<\/i><\/div>\n<div><\/div>\n<div>Por otro lado, la bomba de la noche fue la confirmaci\u00f3n de que T\u00e9vez no estar\u00e1 presente en la Noche del Rey: \u201cMe parece que es la fiesta de las estrellas, de las figuras de Independiente, hay que respetar eso. Prefiero que vayan los chicos que est\u00e1n invitados.\u00a0<b>Como no todo el plantel est\u00e1 invitado, no me parece justo tener que ir yo<\/b>. Me voy a ir al campo a despejar la cabeza\u00bb<\/div>\n<\/div>\n<div id=\"ad-slot-inline1\" class=\"ad-slot-inline1 ad-slot\" data-adzonerun=\"1\" data-adtype=\"inline1\" data-google-query-id=\"COCj1O7ZioUDFXlc3QIdA5YI8w\">\n<div class=\"google-auto-placed ap_container\"><\/div>\n<div id=\"ad-slot-inline4\" class=\"ad-slot-inline ad-slot\" data-adzonerun=\"1\" data-adtype=\"inline\" data-google-query-id=\"COii0u7ZioUDFXlc3QIdA5YI8w\">\n<div id=\"google_ads_iframe_\/125006397\/tyc\/nota\/inline4_0__container__\"><\/div>\n<\/div>\n<div class=\"subs-box\">\n<div class=\"subs-texts\"><\/div>\n<\/div>\n<\/div>\n","protected":false},"excerpt":{"rendered":"<div class=\"mh-excerpt\"><p>Carlos Tevez\u00a0habl\u00f3 en conferencia de prensa luego de la\u00a0goleada 3-0 de Independiente\u00a0sobre\u00a0Laferrere\u00a0por los\u00a032avos de final de la Copa Argentina\u00a0en el estadio Ciudad de Lan\u00fas y volvi\u00f3 a referirse al arbitraje, luego de una\u00a0controversial primera etapa\u00a0donde <a class=\"mh-excerpt-more\" href=\"https:\/\/www.masrojo.com.ar\/home\/2024\/03\/23\/no-voy-a-ir-a-la-noche-del-rey\/\" title=\"\u00abNo voy a ir a la Noche del Rey\u00bb\">[&#8230;]<\/a><\/p>\n<\/div>","protected":false},"author":6,"featured_media":72787,"comment_status":"closed","ping_status":"closed","sticky":false,"template":"","format":"standard","meta":{"_jetpack_memberships_contains_paid_content":false,"footnotes":"","jetpack_publicize_message":"","jetpack_publicize_feature_enabled":true,"jetpack_social_post_already_shared":true,"jetpack_social_options":{"image_generator_settings":{"template":"highway","enabled":false},"version":2}},"categories":[4],"tags":[1180],"class_list":{"0":"post-72983","1":"post","2":"type-post","3":"status-publish","4":"format-standard","5":"has-post-thumbnail","7":"category-actualidad","8":"tag-carlos-tevez"},"jetpack_publicize_connections":[],"jetpack_sharing_enabled":true,"jetpack_featured_media_url":"https:\/\/i0.wp.com\/www.masrojo.com.ar\/home\/wp-content\/uploads\/tevez-river.jpeg?fit=900%2C647&ssl=1","jetpack_shortlink":"https:\/\/wp.me\/p90W9F-iZ9","_links":{"self":[{"href":"https:\/\/www.masrojo.com.ar\/home\/wp-json\/wp\/v2\/posts\/72983"}],"collection":[{"href":"https:\/\/www.masrojo.com.ar\/home\/wp-json\/wp\/v2\/posts"}],"about":[{"href":"https:\/\/www.masrojo.com.ar\/home\/wp-json\/wp\/v2\/types\/post"}],"author":[{"embeddable":true,"href":"https:\/\/www.masrojo.com.ar\/home\/wp-json\/wp\/v2\/users\/6"}],"replies":[{"embeddable":true,"href":"https:\/\/www.masrojo.com.ar\/home\/wp-json\/wp\/v2\/comments?post=72983"}],"version-history":[{"count":1,"href":"https:\/\/www.masrojo.com.ar\/home\/wp-json\/wp\/v2\/posts\/72983\/revisions"}],"predecessor-version":[{"id":72989,"href":"https:\/\/www.masrojo.com.ar\/home\/wp-json\/wp\/v2\/posts\/72983\/revisions\/72989"}],"wp:featuredmedia":[{"embeddable":true,"href":"https:\/\/www.masrojo.com.ar\/home\/wp-json\/wp\/v2\/media\/72787"}],"wp:attachment":[{"href":"https:\/\/www.masrojo.com.ar\/home\/wp-json\/wp\/v2\/media?parent=72983"}],"wp:term":[{"taxonomy":"category","embeddable":true,"href":"https:\/\/www.masrojo.com.ar\/home\/wp-json\/wp\/v2\/categories?post=72983"},{"taxonomy":"post_tag","embeddable":true,"href":"https:\/\/www.masrojo.com.ar\/home\/wp-json\/wp\/v2\/tags?post=72983"}],"curies":[{"name":"wp","href":"https:\/\/api.w.org\/{rel}","templated":true}]}}