{"id":72990,"date":"2024-03-24T00:21:42","date_gmt":"2024-03-24T03:21:42","guid":{"rendered":"https:\/\/www.masrojo.com.ar\/home\/?p=72990"},"modified":"2024-03-24T00:21:42","modified_gmt":"2024-03-24T03:21:42","slug":"el-kun-se-fue-lesionado-de-la-noche-del-rey","status":"publish","type":"post","link":"https:\/\/www.masrojo.com.ar\/home\/2024\/03\/24\/el-kun-se-fue-lesionado-de-la-noche-del-rey\/","title":{"rendered":"El Kun se fue lesionado de la Noche del Rey"},"content":{"rendered":"<p>En la noche del 23 de marzo, Independiente celebr\u00f3 sus 120 a\u00f1os de historia con la Noche del Rey, un evento con muchos jugadores de la historia grande del club en el Estadio Libertadores de Am\u00e9rica &#8211; Ricardo Enrique Bochini, el cual estaba colmado de socios e hinchas. En este evento, se jug\u00f3 un partido honor\u00edfico con estrellas, una de ellas, el Kun Ag\u00fcero, quien se fue lesionado.<\/p>\n<p>Al Kun\u00a0<b>se le sali\u00f3 el hombro izquierdo de lugar<\/b>\u00a0de manera sorpresiva: ingres\u00f3 al \u00e1rea, disput\u00f3 una pelota cuerpo a cuerpo con\u00a0<b>Juan Eluchans<\/b> y en la ca\u00edda la zona afectada amortigu\u00f3 todo su peso. Fue asistido r\u00e1pidamente por el cuerpo m\u00e9dico de\u00a0<b>Independiente<\/b>, pero el dolor no le permiti\u00f3 continuar el partido en el Libertadores de Am\u00e9rica-Ricardo Enrique Bochini, donde muchos fan\u00e1ticos se acercaron especialmente por \u00e9l.<\/p>\n<p>Seg\u00fan el parte oficial,<b>\u00a0<\/b>el exdelantero de la Selecci\u00f3n Argentina sufri\u00f3 una\u00a0<b>\u00absubluxaci\u00f3n acromioclavicular\u00bb<\/b>. Ya en cancha, Leonel Toti R\u00edos ingres\u00f3 en su lugar.<\/p>\n<p>El video de la ca\u00edda:<\/p>\n<div style=\"width: 1280px;\" class=\"wp-video\"><!--[if lt IE 9]><script>document.createElement('video');<\/script><![endif]-->\n<video class=\"wp-video-shortcode\" id=\"video-72990-1\" width=\"1280\" height=\"720\" preload=\"metadata\" controls=\"controls\"><source type=\"video\/mp4\" src=\"https:\/\/www.masrojo.com.ar\/home\/wp-content\/uploads\/ssstwitter.com_1711249943811-1.mp4?_=1\" \/><a href=\"https:\/\/www.masrojo.com.ar\/home\/wp-content\/uploads\/ssstwitter.com_1711249943811-1.mp4\">https:\/\/www.masrojo.com.ar\/home\/wp-content\/uploads\/ssstwitter.com_1711249943811-1.mp4<\/a><\/video><\/div>\n","protected":false},"excerpt":{"rendered":"<div class=\"mh-excerpt\"><p>En la noche del 23 de marzo, Independiente celebr\u00f3 sus 120 a\u00f1os de historia con la Noche del Rey, un evento con muchos jugadores de la historia grande del club en el Estadio Libertadores de <a class=\"mh-excerpt-more\" href=\"https:\/\/www.masrojo.com.ar\/home\/2024\/03\/24\/el-kun-se-fue-lesionado-de-la-noche-del-rey\/\" title=\"El Kun se fue lesionado de la Noche del Rey\">[&#8230;]<\/a><\/p>\n<\/div>","protected":false},"author":6,"featured_media":72992,"comment_status":"closed","ping_status":"closed","sticky":false,"template":"","format":"standard","meta":{"_jetpack_memberships_contains_paid_content":false,"footnotes":"","jetpack_publicize_message":"","jetpack_publicize_feature_enabled":true,"jetpack_social_post_already_shared":true,"jetpack_social_options":{"image_generator_settings":{"template":"highway","enabled":false},"version":2}},"categories":[4],"tags":[663,1252],"class_list":{"0":"post-72990","1":"post","2":"type-post","3":"status-publish","4":"format-standard","5":"has-post-thumbnail","7":"category-actualidad","8":"tag-kun-aguero","9":"tag-noche-del-rey"},"jetpack_publicize_connections":[],"jetpack_sharing_enabled":true,"jetpack_featured_media_url":"https:\/\/i0.wp.com\/www.masrojo.com.ar\/home\/wp-content\/uploads\/kun-noche-del-rey.png?fit=1265%2C1121&ssl=1","jetpack_shortlink":"https:\/\/wp.me\/p90W9F-iZg","_links":{"self":[{"href":"https:\/\/www.masrojo.com.ar\/home\/wp-json\/wp\/v2\/posts\/72990"}],"collection":[{"href":"https:\/\/www.masrojo.com.ar\/home\/wp-json\/wp\/v2\/posts"}],"about":[{"href":"https:\/\/www.masrojo.com.ar\/home\/wp-json\/wp\/v2\/types\/post"}],"author":[{"embeddable":true,"href":"https:\/\/www.masrojo.com.ar\/home\/wp-json\/wp\/v2\/users\/6"}],"replies":[{"embeddable":true,"href":"https:\/\/www.masrojo.com.ar\/home\/wp-json\/wp\/v2\/comments?post=72990"}],"version-history":[{"count":1,"href":"https:\/\/www.masrojo.com.ar\/home\/wp-json\/wp\/v2\/posts\/72990\/revisions"}],"predecessor-version":[{"id":72998,"href":"https:\/\/www.masrojo.com.ar\/home\/wp-json\/wp\/v2\/posts\/72990\/revisions\/72998"}],"wp:featuredmedia":[{"embeddable":true,"href":"https:\/\/www.masrojo.com.ar\/home\/wp-json\/wp\/v2\/media\/72992"}],"wp:attachment":[{"href":"https:\/\/www.masrojo.com.ar\/home\/wp-json\/wp\/v2\/media?parent=72990"}],"wp:term":[{"taxonomy":"category","embeddable":true,"href":"https:\/\/www.masrojo.com.ar\/home\/wp-json\/wp\/v2\/categories?post=72990"},{"taxonomy":"post_tag","embeddable":true,"href":"https:\/\/www.masrojo.com.ar\/home\/wp-json\/wp\/v2\/tags?post=72990"}],"curies":[{"name":"wp","href":"https:\/\/api.w.org\/{rel}","templated":true}]}}