{"id":72999,"date":"2024-03-24T00:33:02","date_gmt":"2024-03-24T03:33:02","guid":{"rendered":"https:\/\/www.masrojo.com.ar\/home\/?p=72999"},"modified":"2024-03-24T00:34:32","modified_gmt":"2024-03-24T03:34:32","slug":"siempre-que-me-llamo-el-club-estuve","status":"publish","type":"post","link":"https:\/\/www.masrojo.com.ar\/home\/2024\/03\/24\/siempre-que-me-llamo-el-club-estuve\/","title":{"rendered":"\u00abSiempre que me llam\u00f3 el club estuve\u00bb"},"content":{"rendered":"<p class=\"capital\"><b>Sergio\u00a0Ag\u00fcero\u00a0manifest\u00f3 que tiene la ilusi\u00f3n y las ganas est\u00e1n de pisar el c\u00e9sped, en referencia a su vuelta y a la posibilidad de volver a vestir la camiseta de Independiente,\u00a0<\/b>esta noche en\u00a0La Noche del Rey,\u00a0el evento que realiz\u00f3 el club en conmemoraci\u00f3n a los 120 a\u00f1os de la fundaci\u00f3n de la instituci\u00f3n, en el cual el Kun fue invitado.<\/p>\n<div id=\"ad-slot-inline1\" class=\"ad-slot-inline1 ad-slot\" data-adzonerun=\"1\" data-adtype=\"inline1\" data-google-query-id=\"CMuDpob5i4UDFWoBuQYdJFwKcg\">\n<p><i>\u00abHace dos d\u00edas me hice otro estudio y sali\u00f3 todo muy bien. Ahora me voy a Madrid, M\u00e9xico y Estados Unidos a otros torneos<b>. Ah\u00ed ver\u00e9 c\u00f3mo estoy y me seguir\u00e9 haciendo estudios. Nunca uno sabe, pero la ilusi\u00f3n y las ganas est\u00e1n de pisar el c\u00e9sped.\u00a0<\/b>No quiero ilusionar a la gente en ese sentido. Primero quiero estar bien yo y jugar algunos torneos aunque sea para exigir al coraz\u00f3n.\u00a0<b>Despu\u00e9s ver\u00e9 qu\u00e9 decisi\u00f3n tomar\u00e9. Las ganas siempre est\u00e1n\u00bb<\/b><\/i><b>,<\/b>\u00a0expres\u00f3 el Kun, quien se retir\u00f3 en el Barcelona en el 2021 por un problema card\u00edaco.<\/p>\n<p>Luego, continu\u00f3: \u00ab<i>Me llevo muy bien con Tevez y con Hugo Tocalli, que lo ven\u00eda siguiendo a Benjam\u00edn (su hijo). Le pregunt\u00e9 si quer\u00eda venir y me dijo que si. E<b>s chico todav\u00eda. Hay que valorar a Carlitos que vino en un momento dif\u00edcil. Otros entrenadores lo rechazaron. Hay que valorar que vino en un momento complicado.<\/b>\u00a0Lo veo muy bien. Me gusta. Las ganas de \u00e9l de que quiera que el club est\u00e9 bien eso me pone muy contento\u00bb.<\/i><\/p>\n<p>Finalmente cerr\u00f3: \u00ab<i>La verdad que muy contento de estar ac\u00e1.\u00a0 Soy bastante sincero y honesto. Siempre que me llam\u00f3 el club estuve. Hubo a\u00f1os que el club no me llamaba<b>. Una vez Gabriel Milito me llam\u00f3 para hacer un complejo en Villa Dom\u00ednico y lo hicimos. Hoy est\u00e1 la Primera ah\u00ed<\/b>. No me gusta meterme porque hay directivos. No se han hecho cosas bien en los \u00faltimos a\u00f1os. Desde mi venta yo no me llev\u00e9 nada. Dej\u00e9 mi 15 por ciento\u00bb.<\/i><\/p>\n<\/div>\n<div style=\"width: 1280px;\" class=\"wp-video\"><!--[if lt IE 9]><script>document.createElement('video');<\/script><![endif]-->\n<video class=\"wp-video-shortcode\" id=\"video-72999-1\" width=\"1280\" height=\"720\" preload=\"metadata\" controls=\"controls\"><source type=\"video\/mp4\" src=\"https:\/\/www.masrojo.com.ar\/home\/wp-content\/uploads\/ssstwitter.com_1711250842118.mp4?_=1\" \/><a href=\"https:\/\/www.masrojo.com.ar\/home\/wp-content\/uploads\/ssstwitter.com_1711250842118.mp4\">https:\/\/www.masrojo.com.ar\/home\/wp-content\/uploads\/ssstwitter.com_1711250842118.mp4<\/a><\/video><\/div>\n","protected":false},"excerpt":{"rendered":"<div class=\"mh-excerpt\"><p>Sergio\u00a0Ag\u00fcero\u00a0manifest\u00f3 que tiene la ilusi\u00f3n y las ganas est\u00e1n de pisar el c\u00e9sped, en referencia a su vuelta y a la posibilidad de volver a vestir la camiseta de Independiente,\u00a0esta noche en\u00a0La Noche del Rey,\u00a0el <a class=\"mh-excerpt-more\" href=\"https:\/\/www.masrojo.com.ar\/home\/2024\/03\/24\/siempre-que-me-llamo-el-club-estuve\/\" title=\"\u00abSiempre que me llam\u00f3 el club estuve\u00bb\">[&#8230;]<\/a><\/p>\n<\/div>","protected":false},"author":6,"featured_media":73000,"comment_status":"closed","ping_status":"closed","sticky":false,"template":"","format":"video","meta":{"_jetpack_memberships_contains_paid_content":false,"footnotes":"","jetpack_publicize_message":"","jetpack_publicize_feature_enabled":true,"jetpack_social_post_already_shared":true,"jetpack_social_options":{"image_generator_settings":{"template":"highway","enabled":false},"version":2}},"categories":[4],"tags":[141,663,1252],"class_list":{"0":"post-72999","1":"post","2":"type-post","3":"status-publish","4":"format-video","5":"has-post-thumbnail","7":"category-actualidad","8":"tag-declaraciones","9":"tag-kun-aguero","10":"tag-noche-del-rey","11":"post_format-post-format-video"},"jetpack_publicize_connections":[],"jetpack_sharing_enabled":true,"jetpack_featured_media_url":"https:\/\/i0.wp.com\/www.masrojo.com.ar\/home\/wp-content\/uploads\/kun-noche-del-rey-decl.jpeg?fit=900%2C514&ssl=1","jetpack_shortlink":"https:\/\/wp.me\/p90W9F-iZp","_links":{"self":[{"href":"https:\/\/www.masrojo.com.ar\/home\/wp-json\/wp\/v2\/posts\/72999"}],"collection":[{"href":"https:\/\/www.masrojo.com.ar\/home\/wp-json\/wp\/v2\/posts"}],"about":[{"href":"https:\/\/www.masrojo.com.ar\/home\/wp-json\/wp\/v2\/types\/post"}],"author":[{"embeddable":true,"href":"https:\/\/www.masrojo.com.ar\/home\/wp-json\/wp\/v2\/users\/6"}],"replies":[{"embeddable":true,"href":"https:\/\/www.masrojo.com.ar\/home\/wp-json\/wp\/v2\/comments?post=72999"}],"version-history":[{"count":1,"href":"https:\/\/www.masrojo.com.ar\/home\/wp-json\/wp\/v2\/posts\/72999\/revisions"}],"predecessor-version":[{"id":73007,"href":"https:\/\/www.masrojo.com.ar\/home\/wp-json\/wp\/v2\/posts\/72999\/revisions\/73007"}],"wp:featuredmedia":[{"embeddable":true,"href":"https:\/\/www.masrojo.com.ar\/home\/wp-json\/wp\/v2\/media\/73000"}],"wp:attachment":[{"href":"https:\/\/www.masrojo.com.ar\/home\/wp-json\/wp\/v2\/media?parent=72999"}],"wp:term":[{"taxonomy":"category","embeddable":true,"href":"https:\/\/www.masrojo.com.ar\/home\/wp-json\/wp\/v2\/categories?post=72999"},{"taxonomy":"post_tag","embeddable":true,"href":"https:\/\/www.masrojo.com.ar\/home\/wp-json\/wp\/v2\/tags?post=72999"}],"curies":[{"name":"wp","href":"https:\/\/api.w.org\/{rel}","templated":true}]}}