{"id":73020,"date":"2024-03-24T01:10:36","date_gmt":"2024-03-24T04:10:36","guid":{"rendered":"https:\/\/www.masrojo.com.ar\/home\/?p=73020"},"modified":"2024-03-24T01:10:36","modified_gmt":"2024-03-24T04:10:36","slug":"asi-fue-la-noche-del-rey","status":"publish","type":"post","link":"https:\/\/www.masrojo.com.ar\/home\/2024\/03\/24\/asi-fue-la-noche-del-rey\/","title":{"rendered":"As\u00ed fue la Noche del Rey"},"content":{"rendered":"<p>Independiente celebr\u00f3 la Noche del Rey este s\u00e1bado en el Libertadores de Am\u00e9rica Ricardo Enrique Bochini. El evento se realiz\u00f3 en conmemoraci\u00f3n a los 120 a\u00f1os de la fundaci\u00f3n del club y cont\u00f3 con la participaci\u00f3n de varios \u00eddolos del club, como Sergio Ag\u00fcero y Ricardo Enrique Bochini.<\/p>\n<p>El Kun solo pudo jugar 10 minutos porque sufri\u00f3 una subluxaci\u00f3n acromioclavicular en el hombro. \u00abCreo que me lo saqu\u00e9 de lugar\u00bb, declar\u00f3 al salir del campo de juego. Sin embargo, el partido continu\u00f3 y el Bocha tambi\u00e9n solo jug\u00f3 en la primera parte.<\/p>\n<p>El partido finaliz\u00f3 4 a 2. Adem\u00e1s, a lo largo de la jornada se realizaron distintos reconocimientos, como uno a Bochini a los 10 minutos del primer tiempo, cuando frenaron el juego para poner un video en su conmemoraci\u00f3n y se lo vio emocionado el \u00eddolo.<\/p>\n<p>Por otro lado, en la previa al encuentro el Kun declar\u00f3 ante TNT: \u00abHace dos d\u00edas me hice otro estudio y sali\u00f3 todo muy bien. Ahora me voy a Madrid, M\u00e9xico y Estados Unidos a otros torneos. Ah\u00ed ver\u00e9 c\u00f3mo estoy y me seguir\u00e9 haciendo estudios. Nunca uno sabe, pero la ilusi\u00f3n y las ganas est\u00e1n de pisar el c\u00e9sped. No quiero ilusionar a la gente en ese sentido. Primero quiero estar bien yo y jugar algunos torneos aunque sea para exigir al coraz\u00f3n. Despu\u00e9s ver\u00e9 qu\u00e9 decisi\u00f3n tomar\u00e9. Las ganas siempre est\u00e1n\u00bb.<\/p>\n<p>Miralo ac\u00e1<\/p>\n<p><iframe loading=\"lazy\" title=\"YouTube video player\" src=\"https:\/\/www.youtube.com\/embed\/5KzCyDicRro?si=7IMX9zm8GdZDhhsO\" width=\"560\" height=\"315\" frameborder=\"0\" allowfullscreen=\"allowfullscreen\"><\/iframe><\/p>\n","protected":false},"excerpt":{"rendered":"<div class=\"mh-excerpt\"><p>Independiente celebr\u00f3 la Noche del Rey este s\u00e1bado en el Libertadores de Am\u00e9rica Ricardo Enrique Bochini. El evento se realiz\u00f3 en conmemoraci\u00f3n a los 120 a\u00f1os de la fundaci\u00f3n del club y cont\u00f3 con la <a class=\"mh-excerpt-more\" href=\"https:\/\/www.masrojo.com.ar\/home\/2024\/03\/24\/asi-fue-la-noche-del-rey\/\" title=\"As\u00ed fue la Noche del Rey\">[&#8230;]<\/a><\/p>\n<\/div>","protected":false},"author":6,"featured_media":73021,"comment_status":"closed","ping_status":"closed","sticky":false,"template":"","format":"video","meta":{"_jetpack_memberships_contains_paid_content":false,"footnotes":"","jetpack_publicize_message":"","jetpack_publicize_feature_enabled":true,"jetpack_social_post_already_shared":true,"jetpack_social_options":{"image_generator_settings":{"template":"highway","enabled":false},"version":2}},"categories":[4],"tags":[1252,374],"class_list":{"0":"post-73020","1":"post","2":"type-post","3":"status-publish","4":"format-video","5":"has-post-thumbnail","7":"category-actualidad","8":"tag-noche-del-rey","9":"tag-resumen","10":"post_format-post-format-video"},"jetpack_publicize_connections":[],"jetpack_sharing_enabled":true,"jetpack_featured_media_url":"https:\/\/i0.wp.com\/www.masrojo.com.ar\/home\/wp-content\/uploads\/noche-del-rey.jpeg?fit=900%2C600&ssl=1","jetpack_shortlink":"https:\/\/wp.me\/p90W9F-iZK","_links":{"self":[{"href":"https:\/\/www.masrojo.com.ar\/home\/wp-json\/wp\/v2\/posts\/73020"}],"collection":[{"href":"https:\/\/www.masrojo.com.ar\/home\/wp-json\/wp\/v2\/posts"}],"about":[{"href":"https:\/\/www.masrojo.com.ar\/home\/wp-json\/wp\/v2\/types\/post"}],"author":[{"embeddable":true,"href":"https:\/\/www.masrojo.com.ar\/home\/wp-json\/wp\/v2\/users\/6"}],"replies":[{"embeddable":true,"href":"https:\/\/www.masrojo.com.ar\/home\/wp-json\/wp\/v2\/comments?post=73020"}],"version-history":[{"count":1,"href":"https:\/\/www.masrojo.com.ar\/home\/wp-json\/wp\/v2\/posts\/73020\/revisions"}],"predecessor-version":[{"id":73027,"href":"https:\/\/www.masrojo.com.ar\/home\/wp-json\/wp\/v2\/posts\/73020\/revisions\/73027"}],"wp:featuredmedia":[{"embeddable":true,"href":"https:\/\/www.masrojo.com.ar\/home\/wp-json\/wp\/v2\/media\/73021"}],"wp:attachment":[{"href":"https:\/\/www.masrojo.com.ar\/home\/wp-json\/wp\/v2\/media?parent=73020"}],"wp:term":[{"taxonomy":"category","embeddable":true,"href":"https:\/\/www.masrojo.com.ar\/home\/wp-json\/wp\/v2\/categories?post=73020"},{"taxonomy":"post_tag","embeddable":true,"href":"https:\/\/www.masrojo.com.ar\/home\/wp-json\/wp\/v2\/tags?post=73020"}],"curies":[{"name":"wp","href":"https:\/\/api.w.org\/{rel}","templated":true}]}}