{"id":73035,"date":"2024-03-26T18:21:57","date_gmt":"2024-03-26T21:21:57","guid":{"rendered":"https:\/\/www.masrojo.com.ar\/home\/?p=73035"},"modified":"2024-03-26T18:32:37","modified_gmt":"2024-03-26T21:32:37","slug":"matias-gimenez-fue-operado-de-la-rodilla","status":"publish","type":"post","link":"https:\/\/www.masrojo.com.ar\/home\/2024\/03\/26\/matias-gimenez-fue-operado-de-la-rodilla\/","title":{"rendered":"Mat\u00edas Gim\u00e9nez fue operado de la rodilla"},"content":{"rendered":"<p class=\"capital\"><b>Mat\u00edas Gim\u00e9nez Rojas<\/b>\u00a0fue operado con \u00e9xito de la rotura en el ligamento cruzado anterior de la rodilla derecha que sufri\u00f3 la semana pasada entrenando en\u00a0<b>Villa Dom\u00ednico<\/b>. Ahora,\u00a0<b>el ex San Mart\u00edn de San Juan deber\u00e1 afrontar una larga recuperaci\u00f3n<\/b>.<\/p>\n<div class=\"watchto-wrap\" data-mrf-recirculation=\"Intext Widget\">\n<div class=\"watchto\">\n<p>El delantero de 25 a\u00f1os\u00a0<b>pas\u00f3 por el quir\u00f3fano este martes por la ma\u00f1ana y fue operado con \u00e9xito en su rodilla derecha<\/b>, en la cual hab\u00eda sufrido la rotura en el ligamento cruzado anterior el pasado 18 de marzo entrenando con Independiente.\u00a0<b>Gim\u00e9nez Rojas tendr\u00e1 entre seis y ocho meses de recuperaci\u00f3n<\/b>.<\/p>\n<p>Al ex San Mart\u00edn de San Juan se le hab\u00eda trabado la pierna en la pr\u00e1ctica en\u00a0<b>Villa Dom\u00ednico<\/b>, y pocas horas despu\u00e9s se supo que hab\u00eda sufrido la peor lesi\u00f3n en la rodilla. Esta es una baja sensible para\u00a0<b>Tevez<\/b>, ya que el delantero se hab\u00eda ganado su lugar en el ataque de\u00a0<b>Independiente\u00a0<\/b>tras su doblete ante\u00a0<b>Barracas Central<\/b>\u00a0y su buen partido contra\u00a0<b>River<\/b>.<\/p>\n<blockquote class=\"twitter-tweet\">\n<p dir=\"ltr\" lang=\"es\">Cama arriba &#x1f605;<\/p>\n<p>\u00a1Te esperamos a la vuelta, Narig\u00f3n!<a href=\"https:\/\/twitter.com\/hashtag\/TodoRojo?src=hash&amp;ref_src=twsrc%5Etfw\">#TodoRojo<\/a> &#x1f534; <a href=\"https:\/\/t.co\/10VnPZDDAJ\">pic.twitter.com\/10VnPZDDAJ<\/a><\/p>\n<p>\u2014 C. A. Independiente (@Independiente) <a href=\"https:\/\/twitter.com\/Independiente\/status\/1772643795172991432?ref_src=twsrc%5Etfw\">March 26, 2024<\/a><\/p><\/blockquote>\n<p><script async src=\"https:\/\/platform.twitter.com\/widgets.js\" charset=\"utf-8\"><\/script><\/p>\n<\/div>\n<\/div>\n","protected":false},"excerpt":{"rendered":"<div class=\"mh-excerpt\"><p>Mat\u00edas Gim\u00e9nez Rojas\u00a0fue operado con \u00e9xito de la rotura en el ligamento cruzado anterior de la rodilla derecha que sufri\u00f3 la semana pasada entrenando en\u00a0Villa Dom\u00ednico. Ahora,\u00a0el ex San Mart\u00edn de San Juan deber\u00e1 afrontar <a class=\"mh-excerpt-more\" href=\"https:\/\/www.masrojo.com.ar\/home\/2024\/03\/26\/matias-gimenez-fue-operado-de-la-rodilla\/\" title=\"Mat\u00edas Gim\u00e9nez fue operado de la rodilla\">[&#8230;]<\/a><\/p>\n<\/div>","protected":false},"author":6,"featured_media":68511,"comment_status":"closed","ping_status":"closed","sticky":false,"template":"","format":"standard","meta":{"_jetpack_memberships_contains_paid_content":false,"footnotes":"","jetpack_publicize_message":"","jetpack_publicize_feature_enabled":true,"jetpack_social_post_already_shared":true,"jetpack_social_options":{"image_generator_settings":{"template":"highway","enabled":false},"version":2}},"categories":[4],"tags":[582,1130],"class_list":{"0":"post-73035","1":"post","2":"type-post","3":"status-publish","4":"format-standard","5":"has-post-thumbnail","7":"category-actualidad","8":"tag-lesion","9":"tag-matias-gimenez"},"jetpack_publicize_connections":[],"jetpack_sharing_enabled":true,"jetpack_featured_media_url":"https:\/\/i0.wp.com\/www.masrojo.com.ar\/home\/wp-content\/uploads\/gimenez.jpeg?fit=2048%2C1365&ssl=1","jetpack_shortlink":"https:\/\/wp.me\/p90W9F-iZZ","_links":{"self":[{"href":"https:\/\/www.masrojo.com.ar\/home\/wp-json\/wp\/v2\/posts\/73035"}],"collection":[{"href":"https:\/\/www.masrojo.com.ar\/home\/wp-json\/wp\/v2\/posts"}],"about":[{"href":"https:\/\/www.masrojo.com.ar\/home\/wp-json\/wp\/v2\/types\/post"}],"author":[{"embeddable":true,"href":"https:\/\/www.masrojo.com.ar\/home\/wp-json\/wp\/v2\/users\/6"}],"replies":[{"embeddable":true,"href":"https:\/\/www.masrojo.com.ar\/home\/wp-json\/wp\/v2\/comments?post=73035"}],"version-history":[{"count":3,"href":"https:\/\/www.masrojo.com.ar\/home\/wp-json\/wp\/v2\/posts\/73035\/revisions"}],"predecessor-version":[{"id":73051,"href":"https:\/\/www.masrojo.com.ar\/home\/wp-json\/wp\/v2\/posts\/73035\/revisions\/73051"}],"wp:featuredmedia":[{"embeddable":true,"href":"https:\/\/www.masrojo.com.ar\/home\/wp-json\/wp\/v2\/media\/68511"}],"wp:attachment":[{"href":"https:\/\/www.masrojo.com.ar\/home\/wp-json\/wp\/v2\/media?parent=73035"}],"wp:term":[{"taxonomy":"category","embeddable":true,"href":"https:\/\/www.masrojo.com.ar\/home\/wp-json\/wp\/v2\/categories?post=73035"},{"taxonomy":"post_tag","embeddable":true,"href":"https:\/\/www.masrojo.com.ar\/home\/wp-json\/wp\/v2\/tags?post=73035"}],"curies":[{"name":"wp","href":"https:\/\/api.w.org\/{rel}","templated":true}]}}