{"id":73052,"date":"2024-03-27T18:06:37","date_gmt":"2024-03-27T21:06:37","guid":{"rendered":"https:\/\/www.masrojo.com.ar\/home\/?p=73052"},"modified":"2024-03-27T18:06:37","modified_gmt":"2024-03-27T21:06:37","slug":"la-reserva-goleo-a-platense-en-la-previa-al-clasico","status":"publish","type":"post","link":"https:\/\/www.masrojo.com.ar\/home\/2024\/03\/27\/la-reserva-goleo-a-platense-en-la-previa-al-clasico\/","title":{"rendered":"La Reserva gole\u00f3 a Platense en la previa al Cl\u00e1sico"},"content":{"rendered":"<p><strong>La Reserva jug\u00f3 ante Platense por la sexta fecha de la Copa Proyecci\u00f3n en el predio de Villa Dom\u00ednico. El Rojo gole\u00f3 al Calamar por 3 a 0, con dos goles de Jos\u00edas Palais y uno de Enzo Taborda.<\/strong><\/p>\n<p>El once inicial del Rojo estuvo conformado por:\u00a0<strong>Morro; Duarte, Echeverria, Da Rosa, De Irastroza; Mill\u00e1n, Cruz, Mastrolorenzo; Santiago L\u00f3pez, Casta\u00f1o y Taborda.<\/strong><\/p>\n<p>Un gran triunfo fue el que consigui\u00f3 la\u00a0<strong>Reserva de Independiente tras imponerse 3 a 0 ante Platense<\/strong>\u00a0por la sexta fecha de la Copa Proyecci\u00f3n. El equipo de\u00a0<strong>Pedro Dami\u00e1n Monz\u00f3n<\/strong>\u00a0alcanz\u00f3 los 11 puntos -tres victorias, dos empates y una derrota- y comienza a entrar en la discusi\u00f3n por meterse entre los primeros cuatro equipos de la Zona B.<\/p>\n<div class=\"cleanslate360pv\">\n<div>\n<div>\n<p>La primera parte del encuentro termin\u00f3 igualada en el marcador, pero el destape del Rojo lleg\u00f3 en el complemento. Llegando a los 20 minutos, Casta\u00f1o asisti\u00f3 a\u00a0<strong>Taborda<\/strong>, quien decret\u00f3 el 1 a 0.<\/p>\n<p>A los 40&#8242; del ST, <strong>Jos\u00edas Palais<\/strong> hizo su debut en la Reserva y r\u00e1pidamente fue determinante. A un minuto de su ingreso, el delantero se anticip\u00f3 a todos y puso el 2 a 0. Finalmente, cinco minutos despu\u00e9s puso el 3 a 0.<\/p>\n<p>El pr\u00f3ximo encuentro para el equipo de Monz\u00f3n ser\u00e1 el cl\u00e1sico de Avellaneda, que se llevar\u00e1 a cabo el pr\u00f3ximo el jueves 4 de abril, desde las 17hs, en el estadio Presidente Per\u00f3n.<\/p>\n<blockquote class=\"twitter-tweet\" data-media-max-width=\"560\">\n<p dir=\"ltr\" lang=\"es\">\u00a1TRIUNFAZO DE LOS PIBES! &#x1f44a;&#x1f3fb;<\/p>\n<p>Con dos goles de Jos\u00edas Palais y uno de Enzo Taborda, la <a href=\"https:\/\/twitter.com\/hashtag\/Reserva?src=hash&amp;ref_src=twsrc%5Etfw\">#Reserva<\/a> de <a href=\"https:\/\/twitter.com\/hashtag\/Independiente?src=hash&amp;ref_src=twsrc%5Etfw\">#Independiente<\/a> le gan\u00f3 3-0 a Platense por la sexta fecha de <a href=\"https:\/\/twitter.com\/hashtag\/CopaProyecci%C3%B3n?src=hash&amp;ref_src=twsrc%5Etfw\">#CopaProyecci\u00f3n<\/a>. <a href=\"https:\/\/twitter.com\/hashtag\/TodoRojo?src=hash&amp;ref_src=twsrc%5Etfw\">#TodoRojo<\/a> &#x1f534; <a href=\"https:\/\/t.co\/ydVtxemOFJ\">pic.twitter.com\/ydVtxemOFJ<\/a><\/p>\n<p>\u2014 C. A. Independiente (@Independiente) <a href=\"https:\/\/twitter.com\/Independiente\/status\/1773077025156145314?ref_src=twsrc%5Etfw\">March 27, 2024<\/a><\/p><\/blockquote>\n<p><script async src=\"https:\/\/platform.twitter.com\/widgets.js\" charset=\"utf-8\"><\/script><\/p>\n<\/div>\n<\/div>\n<\/div>\n","protected":false},"excerpt":{"rendered":"<div class=\"mh-excerpt\"><p>La Reserva jug\u00f3 ante Platense por la sexta fecha de la Copa Proyecci\u00f3n en el predio de Villa Dom\u00ednico. El Rojo gole\u00f3 al Calamar por 3 a 0, con dos goles de Jos\u00edas Palais y <a class=\"mh-excerpt-more\" href=\"https:\/\/www.masrojo.com.ar\/home\/2024\/03\/27\/la-reserva-goleo-a-platense-en-la-previa-al-clasico\/\" title=\"La Reserva gole\u00f3 a Platense en la previa al Cl\u00e1sico\">[&#8230;]<\/a><\/p>\n<\/div>","protected":false},"author":6,"featured_media":73053,"comment_status":"closed","ping_status":"closed","sticky":false,"template":"","format":"standard","meta":{"_jetpack_memberships_contains_paid_content":false,"footnotes":"","jetpack_publicize_message":"","jetpack_publicize_feature_enabled":true,"jetpack_social_post_already_shared":true,"jetpack_social_options":{"image_generator_settings":{"template":"highway","enabled":false},"version":2}},"categories":[4],"tags":[1254,61],"class_list":{"0":"post-73052","1":"post","2":"type-post","3":"status-publish","4":"format-standard","5":"has-post-thumbnail","7":"category-actualidad","8":"tag-platense","9":"tag-reserva"},"jetpack_publicize_connections":[],"jetpack_sharing_enabled":true,"jetpack_featured_media_url":"https:\/\/i0.wp.com\/www.masrojo.com.ar\/home\/wp-content\/uploads\/reserva-platense.jpeg?fit=680%2C454&ssl=1","jetpack_shortlink":"https:\/\/wp.me\/p90W9F-j0g","_links":{"self":[{"href":"https:\/\/www.masrojo.com.ar\/home\/wp-json\/wp\/v2\/posts\/73052"}],"collection":[{"href":"https:\/\/www.masrojo.com.ar\/home\/wp-json\/wp\/v2\/posts"}],"about":[{"href":"https:\/\/www.masrojo.com.ar\/home\/wp-json\/wp\/v2\/types\/post"}],"author":[{"embeddable":true,"href":"https:\/\/www.masrojo.com.ar\/home\/wp-json\/wp\/v2\/users\/6"}],"replies":[{"embeddable":true,"href":"https:\/\/www.masrojo.com.ar\/home\/wp-json\/wp\/v2\/comments?post=73052"}],"version-history":[{"count":1,"href":"https:\/\/www.masrojo.com.ar\/home\/wp-json\/wp\/v2\/posts\/73052\/revisions"}],"predecessor-version":[{"id":73059,"href":"https:\/\/www.masrojo.com.ar\/home\/wp-json\/wp\/v2\/posts\/73052\/revisions\/73059"}],"wp:featuredmedia":[{"embeddable":true,"href":"https:\/\/www.masrojo.com.ar\/home\/wp-json\/wp\/v2\/media\/73053"}],"wp:attachment":[{"href":"https:\/\/www.masrojo.com.ar\/home\/wp-json\/wp\/v2\/media?parent=73052"}],"wp:term":[{"taxonomy":"category","embeddable":true,"href":"https:\/\/www.masrojo.com.ar\/home\/wp-json\/wp\/v2\/categories?post=73052"},{"taxonomy":"post_tag","embeddable":true,"href":"https:\/\/www.masrojo.com.ar\/home\/wp-json\/wp\/v2\/tags?post=73052"}],"curies":[{"name":"wp","href":"https:\/\/api.w.org\/{rel}","templated":true}]}}