{"id":73076,"date":"2024-04-01T12:09:29","date_gmt":"2024-04-01T15:09:29","guid":{"rendered":"https:\/\/www.masrojo.com.ar\/home\/?p=73076"},"modified":"2024-04-01T12:09:29","modified_gmt":"2024-04-01T15:09:29","slug":"puntos-perdidos","status":"publish","type":"post","link":"https:\/\/www.masrojo.com.ar\/home\/2024\/04\/01\/puntos-perdidos\/","title":{"rendered":"Puntos perdidos"},"content":{"rendered":"<p>Independiente se enfrent\u00f3 ante Atl\u00e9tico Tucum\u00e1n por la onceava fecha de la Copa de La Liga este domingo en el Estadio Libertadores de Am\u00e9rica &#8211; Ricardo Enrique Bochini. Con silbidos y con la famosa canci\u00f3n de \u00abjugadores&#8230;\u00bb, el conjunto dirigido por Carlos T\u00e9vez empat\u00f3 1 a 1 con un gol ag\u00f3nico de Mauricio Isla.<\/p>\n<p>Los 11 iniciales fueron:<strong> Rodrigo Rey, Mauricio Isla, Juan Manuel Fedorco, Ayrton Costa, Dami\u00e1n P\u00e9rez, Iv\u00e1n Marcone, Federico Mancuello, Alex Luna, Javier Ruiz, Gabriel \u00c1valos e Ignacio Maestro Puch.<\/strong><\/p>\n<p>Ante un rival que en lo que va del a\u00f1o todav\u00eda no hab\u00eda ganado, Independiente no pudo superarlo y casi que lo termina perdiendo. En un arrnaque bueno del partido por parte del Rojo, lleg\u00f3 el gol de la visita a los 34&#8242; del PT, Mateo Bajamich meti\u00f3 un buen pase filtrado para Juan Infante,\u00a0que desbord\u00f3, meti\u00f3 el centro bajo y, tras un despeje,\u00a0apareci\u00f3 nuevamente Bajamich para empujarla y abrir el marcador.<\/p>\n<div class=\"watchto-wrap\" data-mrf-recirculation=\"Intext Widget\">\n<div class=\"watchto\">Ante el bajo rendimiento del equipo, T\u00e9vez movi\u00f3 el banco haciendo ingresar a Lucas Gonz\u00e1lez, Gabriel Neves, Alexis Canelo, Santiago Toloza y Adri\u00e1n Sp\u00f6rle\u00a0en lugar de Gabriel \u00c1valos, Javier Ruiz, Federico Mancuello, Alex Luna y Dami\u00e1n P\u00e9rez. Los cambios, generaron mas disconformidad en la gente, ya que la gran mayor\u00eda de los ingresantes entraron mal, imprecisos y sin definici\u00f3n.<\/div>\n<\/div>\n<div><\/div>\n<div>En una de las \u00faltimas jugadas, los 43&#8242; Ignacio Maestro Puch, en una sola pierna ya que minutos antes estuvo tirado siendo atendido por los m\u00e9dicos, sin lograr recuperarse, gan\u00f3 de cabeza y meti\u00f3 la pelota en el segundo palo, Mauricio Isla apareci\u00f3 en soledad y meti\u00f3 un frentazo que estableci\u00f3 el empate.<\/div>\n<div><\/div>\n<div>La im\u00e1gen que dio Independiente fue mala. Un partido de local con el \u00faltimo de la tabla que en lo que va del a\u00f1o no pudo ganar, el Rojo no logr\u00f3 hacerse fuerte para redimir el partido ante Riestra y seguir dependiendo de s\u00ed mismo para la clasificaci\u00f3n a la siguiente fase de la Copa de La Liga. Ahora, mas que de s\u00ed mismo, depende de las matem\u00e1ticas, de los rivales y de no volver a perder puntos.<\/div>\n<div><\/div>\n<div>Ahora, toca ir a visitar a Banfield el viernes a las 21hs.<\/div>\n<div><\/div>\n","protected":false},"excerpt":{"rendered":"<div class=\"mh-excerpt\"><p>Independiente se enfrent\u00f3 ante Atl\u00e9tico Tucum\u00e1n por la onceava fecha de la Copa de La Liga este domingo en el Estadio Libertadores de Am\u00e9rica &#8211; Ricardo Enrique Bochini. Con silbidos y con la famosa canci\u00f3n <a class=\"mh-excerpt-more\" href=\"https:\/\/www.masrojo.com.ar\/home\/2024\/04\/01\/puntos-perdidos\/\" title=\"Puntos perdidos\">[&#8230;]<\/a><\/p>\n<\/div>","protected":false},"author":6,"featured_media":73077,"comment_status":"closed","ping_status":"closed","sticky":false,"template":"","format":"standard","meta":{"_jetpack_memberships_contains_paid_content":false,"footnotes":"","jetpack_publicize_message":"","jetpack_publicize_feature_enabled":true,"jetpack_social_post_already_shared":true,"jetpack_social_options":{"image_generator_settings":{"template":"highway","enabled":false},"version":2}},"categories":[4],"tags":[64,1051,374],"class_list":{"0":"post-73076","1":"post","2":"type-post","3":"status-publish","4":"format-standard","5":"has-post-thumbnail","7":"category-actualidad","8":"tag-atletico-tucuman","9":"tag-copa-de-la-liga","10":"tag-resumen"},"jetpack_publicize_connections":[],"jetpack_sharing_enabled":true,"jetpack_featured_media_url":"https:\/\/i0.wp.com\/www.masrojo.com.ar\/home\/wp-content\/uploads\/isla-atl-tucu.jpeg?fit=900%2C584&ssl=1","jetpack_shortlink":"https:\/\/wp.me\/p90W9F-j0E","_links":{"self":[{"href":"https:\/\/www.masrojo.com.ar\/home\/wp-json\/wp\/v2\/posts\/73076"}],"collection":[{"href":"https:\/\/www.masrojo.com.ar\/home\/wp-json\/wp\/v2\/posts"}],"about":[{"href":"https:\/\/www.masrojo.com.ar\/home\/wp-json\/wp\/v2\/types\/post"}],"author":[{"embeddable":true,"href":"https:\/\/www.masrojo.com.ar\/home\/wp-json\/wp\/v2\/users\/6"}],"replies":[{"embeddable":true,"href":"https:\/\/www.masrojo.com.ar\/home\/wp-json\/wp\/v2\/comments?post=73076"}],"version-history":[{"count":1,"href":"https:\/\/www.masrojo.com.ar\/home\/wp-json\/wp\/v2\/posts\/73076\/revisions"}],"predecessor-version":[{"id":73083,"href":"https:\/\/www.masrojo.com.ar\/home\/wp-json\/wp\/v2\/posts\/73076\/revisions\/73083"}],"wp:featuredmedia":[{"embeddable":true,"href":"https:\/\/www.masrojo.com.ar\/home\/wp-json\/wp\/v2\/media\/73077"}],"wp:attachment":[{"href":"https:\/\/www.masrojo.com.ar\/home\/wp-json\/wp\/v2\/media?parent=73076"}],"wp:term":[{"taxonomy":"category","embeddable":true,"href":"https:\/\/www.masrojo.com.ar\/home\/wp-json\/wp\/v2\/categories?post=73076"},{"taxonomy":"post_tag","embeddable":true,"href":"https:\/\/www.masrojo.com.ar\/home\/wp-json\/wp\/v2\/tags?post=73076"}],"curies":[{"name":"wp","href":"https:\/\/api.w.org\/{rel}","templated":true}]}}