{"id":73277,"date":"2024-04-10T15:46:35","date_gmt":"2024-04-10T18:46:35","guid":{"rendered":"https:\/\/www.masrojo.com.ar\/home\/?p=73277"},"modified":"2024-04-10T15:46:35","modified_gmt":"2024-04-10T18:46:35","slug":"ivan-marcone-ya-esta-de-vuelta","status":"publish","type":"post","link":"https:\/\/www.masrojo.com.ar\/home\/2024\/04\/10\/ivan-marcone-ya-esta-de-vuelta\/","title":{"rendered":"Iv\u00e1n Marcone ya est\u00e1 de vuelta"},"content":{"rendered":"<p class=\"capital\"><b>Iv\u00e1n Marcone<\/b>\u00a0se realiz\u00f3 estudios ayer por la tarde, y tras conocerse que los resultados hab\u00edan dado bien,\u00a0<b>se entren\u00f3 hoy por la ma\u00f1ana en Villa Dom\u00ednico<\/b>. De todas formas, lo hizo diferenciado.<\/p>\n<div class=\"watchto-wrap\">\n<div class=\"watchto\">El capit\u00e1n pas\u00f3 por la cl\u00ednica en la tarde de ayer, donde\u00a0<b>se realiz\u00f3 nuevos estudios para conocer c\u00f3mo evoluciona del dengue<\/b>, enfermedad que transita desde el viernes pasado.\u00a0<b>Marcone\u00a0<\/b>hab\u00eda quedado desafectado de los concentrados del\u00a0<b>Rojo\u00a0<\/b>para visitar a\u00a0<b>Banfield\u00a0<\/b>por un cuadro febril que posteriormente se confirmar\u00eda en dengue, por lo que se le indic\u00f3 reposo domiciliario y descanso.<\/div>\n<div>\n<p>Habr\u00e1 que esperar a conocer la evoluci\u00f3n de\u00a0<b>Marcone<\/b>\u00a0durante los pr\u00f3ximos d\u00edas para ver si Tevez podr\u00e1 contar con \u00e9l o no para la \u00faltima fecha, ya que, m\u00e1s all\u00e1 de los buenos resultados en los estudios,\u00a0<b>el dengue es una enfermedad que puede dejar secuelas f\u00edsicas<\/b>.<\/p>\n<\/div>\n<\/div>\n","protected":false},"excerpt":{"rendered":"<div class=\"mh-excerpt\"><p>Iv\u00e1n Marcone\u00a0se realiz\u00f3 estudios ayer por la tarde, y tras conocerse que los resultados hab\u00edan dado bien,\u00a0se entren\u00f3 hoy por la ma\u00f1ana en Villa Dom\u00ednico. De todas formas, lo hizo diferenciado. El capit\u00e1n pas\u00f3 por <a class=\"mh-excerpt-more\" href=\"https:\/\/www.masrojo.com.ar\/home\/2024\/04\/10\/ivan-marcone-ya-esta-de-vuelta\/\" title=\"Iv\u00e1n Marcone ya est\u00e1 de vuelta\">[&#8230;]<\/a><\/p>\n<\/div>","protected":false},"author":6,"featured_media":72268,"comment_status":"closed","ping_status":"closed","sticky":false,"template":"","format":"standard","meta":{"_jetpack_memberships_contains_paid_content":false,"footnotes":"","jetpack_publicize_message":"","jetpack_publicize_feature_enabled":true,"jetpack_social_post_already_shared":true,"jetpack_social_options":{"image_generator_settings":{"template":"highway","enabled":false},"version":2}},"categories":[4],"tags":[943,1092,317],"class_list":{"0":"post-73277","1":"post","2":"type-post","3":"status-publish","4":"format-standard","5":"has-post-thumbnail","7":"category-actualidad","8":"tag-dengue","9":"tag-ivan-marcone","10":"tag-parte-medico"},"jetpack_publicize_connections":[],"jetpack_sharing_enabled":true,"jetpack_featured_media_url":"https:\/\/i0.wp.com\/www.masrojo.com.ar\/home\/wp-content\/uploads\/MARCONE-GIMNASIA.jpeg?fit=2048%2C1365&ssl=1","jetpack_shortlink":"https:\/\/wp.me\/p90W9F-j3T","_links":{"self":[{"href":"https:\/\/www.masrojo.com.ar\/home\/wp-json\/wp\/v2\/posts\/73277"}],"collection":[{"href":"https:\/\/www.masrojo.com.ar\/home\/wp-json\/wp\/v2\/posts"}],"about":[{"href":"https:\/\/www.masrojo.com.ar\/home\/wp-json\/wp\/v2\/types\/post"}],"author":[{"embeddable":true,"href":"https:\/\/www.masrojo.com.ar\/home\/wp-json\/wp\/v2\/users\/6"}],"replies":[{"embeddable":true,"href":"https:\/\/www.masrojo.com.ar\/home\/wp-json\/wp\/v2\/comments?post=73277"}],"version-history":[{"count":1,"href":"https:\/\/www.masrojo.com.ar\/home\/wp-json\/wp\/v2\/posts\/73277\/revisions"}],"predecessor-version":[{"id":73283,"href":"https:\/\/www.masrojo.com.ar\/home\/wp-json\/wp\/v2\/posts\/73277\/revisions\/73283"}],"wp:featuredmedia":[{"embeddable":true,"href":"https:\/\/www.masrojo.com.ar\/home\/wp-json\/wp\/v2\/media\/72268"}],"wp:attachment":[{"href":"https:\/\/www.masrojo.com.ar\/home\/wp-json\/wp\/v2\/media?parent=73277"}],"wp:term":[{"taxonomy":"category","embeddable":true,"href":"https:\/\/www.masrojo.com.ar\/home\/wp-json\/wp\/v2\/categories?post=73277"},{"taxonomy":"post_tag","embeddable":true,"href":"https:\/\/www.masrojo.com.ar\/home\/wp-json\/wp\/v2\/tags?post=73277"}],"curies":[{"name":"wp","href":"https:\/\/api.w.org\/{rel}","templated":true}]}}