{"id":73285,"date":"2024-04-10T16:11:38","date_gmt":"2024-04-10T19:11:38","guid":{"rendered":"https:\/\/www.masrojo.com.ar\/home\/?p=73285"},"modified":"2024-04-10T16:11:38","modified_gmt":"2024-04-10T19:11:38","slug":"venta-de-localidades-para-la-ultima-fecha-de-la-copa","status":"publish","type":"post","link":"https:\/\/www.masrojo.com.ar\/home\/2024\/04\/10\/venta-de-localidades-para-la-ultima-fecha-de-la-copa\/","title":{"rendered":"Venta de localidades para la \u00faltima fecha de la Copa"},"content":{"rendered":"<p>Independiente se enfrentar\u00e1 ante Talleres de C\u00f3rdoba por la \u00faltima fecha de la fase de grupos de la Copa de La Liga el d\u00eda lunes a als 20hs en el Estadio Libertadores de Am\u00e9rica &#8211; Ricardo Enrique Bochini. El Rojo depende de s\u00ed mismo para meterse entre los cuatro mejores de la Zona y jugar la siguiente fase: s\u00f3lo necesita ganar.<\/p>\n<p>Gracias al azar, al Rojo le toc\u00f3 cerrar esta fecha en el Libertadores de Am\u00e9rica, por lo que las entradas estar\u00e1n disponibles con el siguiente cornograma:<\/p>\n<div class=\"col-md-7\">\n<div class=\"nota-cuerpo\">\n<ul>\n<li>El <strong>mi\u00e9rcoles<\/strong>\u00a0<strong>10 de abril<\/strong>, desde las 18\u00a0hs, se pondr\u00e1n a disposici\u00f3n los Bonos para las tribunas Santoro Baja, Pavoni Baja y Alta, y los bonos para mujeres, discapacidad y vitalicios solo de manera online en la\u00a0<a href=\"https:\/\/socios.clubaindependiente.com.ar\/\">Sede Digital<\/a>. Podr\u00e1n acceder quienes tengan la cuota de\u00a0<strong>MARZO\u00a0<\/strong>paga.<\/li>\n<li>El <strong>mi\u00e9rcoles\u00a010\u00a0de abril<\/strong>, a partir de las 19\u00a0hs, se pondr\u00e1n a la venta\u00a0<strong>SOLO<\/strong>\u00a0<strong>PARA<\/strong>\u00a0<strong>SOCIOS<\/strong>\u00a0las plateas de todos los sectores del Estadio, exclusivamente de manera online en la\u00a0<a href=\"https:\/\/socios.clubaindependiente.com.ar\/\">Sede Digital<\/a>. Y el\u00a0<strong>s\u00e1bado\u00a013\u00a0de abril<\/strong>, a las 10\u00a0hs,\u00a0<strong>PARA<\/strong>\u00a0<strong>TODAS<\/strong>\u00a0<strong>LAS<\/strong>\u00a0<strong>PERSONAS<\/strong>.<\/li>\n<li>El <strong>lunes 15 de abril<\/strong>, a las 16\u00a0hs, se pondr\u00e1n en venta las plateas, de manera presencial, en el Complejo de Tenis.<\/li>\n<\/ul>\n<p>TODAS LAS PERSONAS HABILITADAS PODR\u00c1N OBTENER SU BONO, YA SEA QUE CUENTEN CON CARNET FISICO O DIGITAL.<\/p>\n<p><strong>Abonados<\/strong><\/p>\n<p>El d\u00eda del partido, los nuevos socios y las nuevas socias que no hayan recibido el carnet f\u00edsico, podr\u00e1n ingresar al estadio con el c\u00f3digo QR de su carnet digital, siempre que hayan obtenido su bono o platea.<\/p>\n<p>Se le recuerda a los socios y las socias que poseen un\u00a0<strong>Abono<\/strong>\u00a0que a partir de este partido SOLO se ingresar\u00e1 al Estadio con el carnet social o DNI.\u00a0Ya NO hace falta llevar la credencial de Abonado, debido a que el Abono se encuentra cargado directamente en su carnet o DNI. Asimismo, todos los socios y las socias que poseen Abono pueden descargarse su carnet digital donde figura el sector, la fila y el asiento que posee en el Estadio.<\/p>\n<p>Para descargar este carnet tiene que ingresar a la Sede Digital, dirigirse al men\u00fa superior, ir hasta donde dice \u201c<em>SOCIOS<\/em>\u201d y seleccionar el link que lo lleva al \u201c<em>CARNET DIGITAL DE SOCIO (QR<\/em>)\u201d (<a href=\"https:\/\/cai.boleteriavip.com.ar\/carnetqr\/validar\">https:\/\/cai.boleteriavip.com.ar\/carnetqr\/validar<\/a>). Sugerimos que todos los Abonados tengan descargado este carnet para poder identificar su asiento en el Estadio.<\/p>\n<\/div>\n<\/div>\n<div class=\"col-md-5 col-sl-4 ml-xl-auto\">\n<div class=\"page-header mt-md-0\"><strong>Precios\u00a0<\/strong><\/div>\n<div>\n<table style=\"width: 58.8858%;\" border=\"1\" cellspacing=\"1\" cellpadding=\"1\">\n<tbody>\n<tr>\n<td style=\"width: 58.4249%;\">PLATEAS<\/td>\n<td style=\"width: 19.1392%;\">SOCIO<\/td>\n<td style=\"width: 37.5388%;\">NO SOCIO<\/td>\n<\/tr>\n<tr>\n<td style=\"width: 58.4249%;\">SANTORO ALTA<\/td>\n<td style=\"width: 19.1392%;\">24.000<\/td>\n<td style=\"width: 37.5388%;\">50.000<\/td>\n<\/tr>\n<tr>\n<td style=\"width: 58.4249%;\">BOCHINI ALTA<\/td>\n<td style=\"width: 19.1392%;\">30.000<\/td>\n<td style=\"width: 37.5388%;\">60.000<\/td>\n<\/tr>\n<tr>\n<td style=\"width: 58.4249%;\">ERICO ALTA<\/td>\n<td style=\"width: 19.1392%;\">30.000<\/td>\n<td style=\"width: 37.5388%;\">60.000<\/td>\n<\/tr>\n<tr>\n<td style=\"width: 58.4249%;\">BOCHINI BAJA<\/td>\n<td style=\"width: 19.1392%;\">40.000<\/td>\n<td style=\"width: 37.5388%;\">80.000<\/td>\n<\/tr>\n<tr>\n<td style=\"width: 58.4249%;\">ERICO BAJA<\/td>\n<td style=\"width: 19.1392%;\">40.000<\/td>\n<td style=\"width: 37.5388%;\">80.000<\/td>\n<\/tr>\n<tr>\n<td style=\"width: 58.4249%;\">GARGANTA DEL DIABLO 1-2<\/td>\n<td style=\"width: 19.1392%;\">40.000<\/td>\n<td style=\"width: 37.5388%;\">80.000<\/td>\n<\/tr>\n<tr>\n<td style=\"width: 58.4249%;\">GARGANTA DEL DIABLO 3-4<\/td>\n<td style=\"width: 19.1392%;\">40.000<\/td>\n<td style=\"width: 37.5388%;\">80.000<\/td>\n<\/tr>\n<tr>\n<td style=\"width: 58.4249%;\">MENOR<\/td>\n<td style=\"width: 19.1392%;\">&#8212;<\/td>\n<td style=\"width: 37.5388%;\">2.500<\/td>\n<\/tr>\n<\/tbody>\n<\/table>\n<\/div>\n<\/div>\n<p>&nbsp;<\/p>\n","protected":false},"excerpt":{"rendered":"<div class=\"mh-excerpt\"><p>Independiente se enfrentar\u00e1 ante Talleres de C\u00f3rdoba por la \u00faltima fecha de la fase de grupos de la Copa de La Liga el d\u00eda lunes a als 20hs en el Estadio Libertadores de Am\u00e9rica &#8211; <a class=\"mh-excerpt-more\" href=\"https:\/\/www.masrojo.com.ar\/home\/2024\/04\/10\/venta-de-localidades-para-la-ultima-fecha-de-la-copa\/\" title=\"Venta de localidades para la \u00faltima fecha de la Copa\">[&#8230;]<\/a><\/p>\n<\/div>","protected":false},"author":6,"featured_media":72305,"comment_status":"closed","ping_status":"closed","sticky":false,"template":"","format":"standard","meta":{"_jetpack_memberships_contains_paid_content":false,"footnotes":"","jetpack_publicize_message":"","jetpack_publicize_feature_enabled":true,"jetpack_social_post_already_shared":true,"jetpack_social_options":{"image_generator_settings":{"template":"highway","enabled":false},"version":2}},"categories":[4],"tags":[1051,371,751],"class_list":{"0":"post-73285","1":"post","2":"type-post","3":"status-publish","4":"format-standard","5":"has-post-thumbnail","7":"category-actualidad","8":"tag-copa-de-la-liga","9":"tag-localidades","10":"tag-talleres-de-cordoba"},"jetpack_publicize_connections":[],"jetpack_sharing_enabled":true,"jetpack_featured_media_url":"https:\/\/i0.wp.com\/www.masrojo.com.ar\/home\/wp-content\/uploads\/cancha-1.jpg?fit=2048%2C1365&ssl=1","jetpack_shortlink":"https:\/\/wp.me\/p90W9F-j41","_links":{"self":[{"href":"https:\/\/www.masrojo.com.ar\/home\/wp-json\/wp\/v2\/posts\/73285"}],"collection":[{"href":"https:\/\/www.masrojo.com.ar\/home\/wp-json\/wp\/v2\/posts"}],"about":[{"href":"https:\/\/www.masrojo.com.ar\/home\/wp-json\/wp\/v2\/types\/post"}],"author":[{"embeddable":true,"href":"https:\/\/www.masrojo.com.ar\/home\/wp-json\/wp\/v2\/users\/6"}],"replies":[{"embeddable":true,"href":"https:\/\/www.masrojo.com.ar\/home\/wp-json\/wp\/v2\/comments?post=73285"}],"version-history":[{"count":1,"href":"https:\/\/www.masrojo.com.ar\/home\/wp-json\/wp\/v2\/posts\/73285\/revisions"}],"predecessor-version":[{"id":73286,"href":"https:\/\/www.masrojo.com.ar\/home\/wp-json\/wp\/v2\/posts\/73285\/revisions\/73286"}],"wp:featuredmedia":[{"embeddable":true,"href":"https:\/\/www.masrojo.com.ar\/home\/wp-json\/wp\/v2\/media\/72305"}],"wp:attachment":[{"href":"https:\/\/www.masrojo.com.ar\/home\/wp-json\/wp\/v2\/media?parent=73285"}],"wp:term":[{"taxonomy":"category","embeddable":true,"href":"https:\/\/www.masrojo.com.ar\/home\/wp-json\/wp\/v2\/categories?post=73285"},{"taxonomy":"post_tag","embeddable":true,"href":"https:\/\/www.masrojo.com.ar\/home\/wp-json\/wp\/v2\/tags?post=73285"}],"curies":[{"name":"wp","href":"https:\/\/api.w.org\/{rel}","templated":true}]}}