{"id":73312,"date":"2024-04-14T22:05:59","date_gmt":"2024-04-15T01:05:59","guid":{"rendered":"https:\/\/www.masrojo.com.ar\/home\/?p=73312"},"modified":"2024-04-14T22:05:59","modified_gmt":"2024-04-15T01:05:59","slug":"los-convocados-para-enfrentar-a-la-t","status":"publish","type":"post","link":"https:\/\/www.masrojo.com.ar\/home\/2024\/04\/14\/los-convocados-para-enfrentar-a-la-t\/","title":{"rendered":"Los convocados para enfrentar a la T"},"content":{"rendered":"<p>Independiente se deber\u00e1 enfrentar ante Talleres de C\u00f3rdoba por la \u00faltima fecha de la Copa de La Liga el d\u00eda lunes a las 20hs en el Estadio Libertadores de Am\u00e9rica &#8211; Ricardo Enrique Bochini. El Rojo se jugar\u00e1 la clasificaci\u00f3n a la siguiente ronda de la Copa.<\/p>\n<p>En los convocados, sorprende ciertas ausencias, como es la de Santiago Toloza. Tambi\u00e9n, un nombre que en la lista pasada no estuvo y ahora vuelve a aparecer es el de Iv\u00e1n Marcone, quien no pudo estar en la victoria ante Banfield por haberse contagiado de dengue. Esta semana, el Capit\u00e1n, logr\u00f3 reincorporarse a los entrenamientos y luego, hacerlo a la par de sus compa\u00f1eros.<\/p>\n<p>Aqu\u00ed la lista de los convocados:<\/p>\n<p><img loading=\"lazy\" decoding=\"async\" class=\"aligncenter\" src=\"https:\/\/pbs.twimg.com\/media\/GLJ1plLXwAAvquE?format=jpg&amp;name=900x900\" alt=\"Imagen\" width=\"524\" height=\"655\" \/><\/p>\n","protected":false},"excerpt":{"rendered":"<div class=\"mh-excerpt\"><p>Independiente se deber\u00e1 enfrentar ante Talleres de C\u00f3rdoba por la \u00faltima fecha de la Copa de La Liga el d\u00eda lunes a las 20hs en el Estadio Libertadores de Am\u00e9rica &#8211; Ricardo Enrique Bochini. El <a class=\"mh-excerpt-more\" href=\"https:\/\/www.masrojo.com.ar\/home\/2024\/04\/14\/los-convocados-para-enfrentar-a-la-t\/\" title=\"Los convocados para enfrentar a la T\">[&#8230;]<\/a><\/p>\n<\/div>","protected":false},"author":6,"featured_media":73085,"comment_status":"closed","ping_status":"closed","sticky":false,"template":"","format":"standard","meta":{"_jetpack_memberships_contains_paid_content":false,"footnotes":"","jetpack_publicize_message":"","jetpack_publicize_feature_enabled":true,"jetpack_social_post_already_shared":true,"jetpack_social_options":{"image_generator_settings":{"template":"highway","enabled":false},"version":2}},"categories":[4],"tags":[289,1051,162,751],"class_list":{"0":"post-73312","1":"post","2":"type-post","3":"status-publish","4":"format-standard","5":"has-post-thumbnail","7":"category-actualidad","8":"tag-convocados","9":"tag-copa-de-la-liga","10":"tag-previa","11":"tag-talleres-de-cordoba"},"jetpack_publicize_connections":[],"jetpack_sharing_enabled":true,"jetpack_featured_media_url":"https:\/\/i0.wp.com\/www.masrojo.com.ar\/home\/wp-content\/uploads\/puntajes-tucuman.jpg?fit=1068%2C801&ssl=1","jetpack_shortlink":"https:\/\/wp.me\/p90W9F-j4s","_links":{"self":[{"href":"https:\/\/www.masrojo.com.ar\/home\/wp-json\/wp\/v2\/posts\/73312"}],"collection":[{"href":"https:\/\/www.masrojo.com.ar\/home\/wp-json\/wp\/v2\/posts"}],"about":[{"href":"https:\/\/www.masrojo.com.ar\/home\/wp-json\/wp\/v2\/types\/post"}],"author":[{"embeddable":true,"href":"https:\/\/www.masrojo.com.ar\/home\/wp-json\/wp\/v2\/users\/6"}],"replies":[{"embeddable":true,"href":"https:\/\/www.masrojo.com.ar\/home\/wp-json\/wp\/v2\/comments?post=73312"}],"version-history":[{"count":1,"href":"https:\/\/www.masrojo.com.ar\/home\/wp-json\/wp\/v2\/posts\/73312\/revisions"}],"predecessor-version":[{"id":73318,"href":"https:\/\/www.masrojo.com.ar\/home\/wp-json\/wp\/v2\/posts\/73312\/revisions\/73318"}],"wp:featuredmedia":[{"embeddable":true,"href":"https:\/\/www.masrojo.com.ar\/home\/wp-json\/wp\/v2\/media\/73085"}],"wp:attachment":[{"href":"https:\/\/www.masrojo.com.ar\/home\/wp-json\/wp\/v2\/media?parent=73312"}],"wp:term":[{"taxonomy":"category","embeddable":true,"href":"https:\/\/www.masrojo.com.ar\/home\/wp-json\/wp\/v2\/categories?post=73312"},{"taxonomy":"post_tag","embeddable":true,"href":"https:\/\/www.masrojo.com.ar\/home\/wp-json\/wp\/v2\/tags?post=73312"}],"curies":[{"name":"wp","href":"https:\/\/api.w.org\/{rel}","templated":true}]}}