{"id":73506,"date":"2024-04-27T14:46:31","date_gmt":"2024-04-27T17:46:31","guid":{"rendered":"https:\/\/www.masrojo.com.ar\/home\/?p=73506"},"modified":"2024-07-05T20:14:03","modified_gmt":"2024-07-05T23:14:03","slug":"reunion-clave-entre-grindetti-y-tocalli","status":"publish","type":"post","link":"https:\/\/www.masrojo.com.ar\/home\/2024\/04\/27\/reunion-clave-entre-grindetti-y-tocalli\/","title":{"rendered":"Reuni\u00f3n clave entre Grindetti y Tocalli"},"content":{"rendered":"<p>El plantel de Carlos Tevez afront\u00f3 un amistoso con la Reserva en el Libertadores de Am\u00e9rica-Ricardo Enrique Bochini, con la presencia de Hugo Tocalli.<\/p>\n<p>El coordinador de las inferiores, quien en la semana analiz\u00f3 renunciar a su cargo por diferencias con la gesti\u00f3n de la comisi\u00f3n directiva, tuvo una reuni\u00f3n positiva con N\u00e9stor Grindetti, el presidente del club, en la que evaluaron c\u00f3mo continuar con los trabajos en las juveniles. Luego del c\u00f3nclave, fue a ver los ensayos del plantel profesional con los juveniles.<\/p>\n<p>En la reuni\u00f3n h<span class=\"css-1qaijid r-bcqeeo r-qvutc0 r-poiln3\">ablaron de los cambios necesarios, las obras que ya empezaron y la forma de trabajar con las nuevas personas a cargo en Vila Dom\u00ednico. <\/span><strong><span class=\"css-1qaijid r-bcqeeo r-qvutc0 r-poiln3 r-b88u0q\">Tocalli<\/span><\/strong><span class=\"css-1qaijid r-bcqeeo r-qvutc0 r-poiln3\"><strong> sigue al frente<\/strong>. Pidi\u00f3 modificar formas de trabajo, las cuales se acordaron<\/span><\/p>\n<p><img decoding=\"async\" src=\"https:\/\/pbs.twimg.com\/media\/GMLbCrzW0AExmx1?format=jpg&amp;name=medium\" alt=\"Imagen\" \/><\/p>\n","protected":false},"excerpt":{"rendered":"<div class=\"mh-excerpt\"><p>El plantel de Carlos Tevez afront\u00f3 un amistoso con la Reserva en el Libertadores de Am\u00e9rica-Ricardo Enrique Bochini, con la presencia de Hugo Tocalli. El coordinador de las inferiores, quien en la semana analiz\u00f3 renunciar <a class=\"mh-excerpt-more\" href=\"https:\/\/www.masrojo.com.ar\/home\/2024\/04\/27\/reunion-clave-entre-grindetti-y-tocalli\/\" title=\"Reuni\u00f3n clave entre Grindetti y Tocalli\">[&#8230;]<\/a><\/p>\n<\/div>","protected":false},"author":6,"featured_media":73507,"comment_status":"closed","ping_status":"closed","sticky":false,"template":"","format":"standard","meta":{"_jetpack_memberships_contains_paid_content":false,"footnotes":"","jetpack_publicize_message":"","jetpack_publicize_feature_enabled":true,"jetpack_social_post_already_shared":true,"jetpack_social_options":{"image_generator_settings":{"template":"highway","enabled":false},"version":2}},"categories":[4,16],"tags":[1179,260,1119],"class_list":{"0":"post-73506","1":"post","2":"type-post","3":"status-publish","4":"format-standard","5":"has-post-thumbnail","7":"category-actualidad","8":"category-inferiores","9":"tag-hugo-tocalli","10":"tag-inferiores","11":"tag-nestor-grindetti"},"jetpack_publicize_connections":[],"jetpack_sharing_enabled":true,"jetpack_featured_media_url":"https:\/\/i0.wp.com\/www.masrojo.com.ar\/home\/wp-content\/uploads\/tocalli-grindetti.png?fit=582%2C393&ssl=1","jetpack_shortlink":"https:\/\/wp.me\/p90W9F-j7A","_links":{"self":[{"href":"https:\/\/www.masrojo.com.ar\/home\/wp-json\/wp\/v2\/posts\/73506"}],"collection":[{"href":"https:\/\/www.masrojo.com.ar\/home\/wp-json\/wp\/v2\/posts"}],"about":[{"href":"https:\/\/www.masrojo.com.ar\/home\/wp-json\/wp\/v2\/types\/post"}],"author":[{"embeddable":true,"href":"https:\/\/www.masrojo.com.ar\/home\/wp-json\/wp\/v2\/users\/6"}],"replies":[{"embeddable":true,"href":"https:\/\/www.masrojo.com.ar\/home\/wp-json\/wp\/v2\/comments?post=73506"}],"version-history":[{"count":1,"href":"https:\/\/www.masrojo.com.ar\/home\/wp-json\/wp\/v2\/posts\/73506\/revisions"}],"predecessor-version":[{"id":73513,"href":"https:\/\/www.masrojo.com.ar\/home\/wp-json\/wp\/v2\/posts\/73506\/revisions\/73513"}],"wp:featuredmedia":[{"embeddable":true,"href":"https:\/\/www.masrojo.com.ar\/home\/wp-json\/wp\/v2\/media\/73507"}],"wp:attachment":[{"href":"https:\/\/www.masrojo.com.ar\/home\/wp-json\/wp\/v2\/media?parent=73506"}],"wp:term":[{"taxonomy":"category","embeddable":true,"href":"https:\/\/www.masrojo.com.ar\/home\/wp-json\/wp\/v2\/categories?post=73506"},{"taxonomy":"post_tag","embeddable":true,"href":"https:\/\/www.masrojo.com.ar\/home\/wp-json\/wp\/v2\/tags?post=73506"}],"curies":[{"name":"wp","href":"https:\/\/api.w.org\/{rel}","templated":true}]}}