{"id":73515,"date":"2024-04-30T13:44:41","date_gmt":"2024-04-30T16:44:41","guid":{"rendered":"https:\/\/www.masrojo.com.ar\/home\/?p=73515"},"modified":"2024-07-05T20:14:05","modified_gmt":"2024-07-05T23:14:05","slug":"toloza-fue-operado-del-tobillo-y-es-baja","status":"publish","type":"post","link":"https:\/\/www.masrojo.com.ar\/home\/2024\/04\/30\/toloza-fue-operado-del-tobillo-y-es-baja\/","title":{"rendered":"Toloza fue operado del tobillo y es baja"},"content":{"rendered":"<p class=\"capital\"><b>Santiago Toloza se oper\u00f3 con \u00e9xito de una lesi\u00f3n en los ligamentos del tobillo derecho<\/b>\u00a0que arrastraba desde septiembre del 2023. Se estiman\u00a0<b>tres meses de recuperaci\u00f3n<\/b>\u00a0para el 10 del Rojo.<\/p>\n<div id=\"ad-slot-inline1\" class=\"ad-slot-inline1 ad-slot\" data-adzonerun=\"1\" data-adtype=\"inline1\" data-google-query-id=\"CNDZlIe9-YUDFeZQuAQdum4IVQ\">\n<p>Carlos Tevez ya sabe que no podr\u00e1 contar con Santiago Toloza para el primer tramo de la Liga Profesional 2024, ya que\u00a0<b>este martes fue operado con \u00e9xito de una lesi\u00f3n ligamentaria en el tobillo derecho<\/b>\u00a0por Javier Swiatlo, m\u00e9dico del club.<\/p>\n<p>El mediocampista ofensivo hab\u00eda sufrido un\u00a0<b>esguince grave durante el empate a uno contra Rosario Central\u00a0<\/b>en el Gigante de Arroyito,\u00a0<b>el 19 de septiembre de 2023<\/b>. En ese momento, el Rojo hab\u00eda informado que la recuperaci\u00f3n del 10 demandar\u00eda entre tres y cuatro semanas.<\/p>\n<p>Pasado ese tiempo,<b>\u00a0el futbolista volvi\u00f3 a la competici\u00f3n con ciertas dificultades<\/b>, ya que intentaron recuperarlo durante este semestre con un tratamiento espec\u00edfico, pero nunca estuvo al 100% desde lo f\u00edsico.\u00a0<b>Ahora ser\u00e1 baja por tres meses, aproximadamente.<\/b><\/p>\n<div id=\"ad-slot-inline2\" class=\"ad-slot-inline_grande ad-slot\" data-adzonerun=\"1\" data-adtype=\"inline_grande\" data-google-query-id=\"CNHZlIe9-YUDFeZQuAQdum4IVQ\">\n<div id=\"google_ads_iframe_\/125006397\/tyc\/nota\/inline2_0__container__\"><\/div>\n<\/div>\n<div class=\"watchto-wrap\">\n<div class=\"watchto\"><\/div>\n<\/div>\n<\/div>\n","protected":false},"excerpt":{"rendered":"<div class=\"mh-excerpt\"><p>Santiago Toloza se oper\u00f3 con \u00e9xito de una lesi\u00f3n en los ligamentos del tobillo derecho\u00a0que arrastraba desde septiembre del 2023. Se estiman\u00a0tres meses de recuperaci\u00f3n\u00a0para el 10 del Rojo. Carlos Tevez ya sabe que no <a class=\"mh-excerpt-more\" href=\"https:\/\/www.masrojo.com.ar\/home\/2024\/04\/30\/toloza-fue-operado-del-tobillo-y-es-baja\/\" title=\"Toloza fue operado del tobillo y es baja\">[&#8230;]<\/a><\/p>\n<\/div>","protected":false},"author":6,"featured_media":71299,"comment_status":"closed","ping_status":"closed","sticky":false,"template":"","format":"standard","meta":{"_jetpack_memberships_contains_paid_content":false,"footnotes":"","jetpack_publicize_message":"","jetpack_publicize_feature_enabled":true,"jetpack_social_post_already_shared":true,"jetpack_social_options":{"image_generator_settings":{"template":"highway","enabled":false},"version":2}},"categories":[4],"tags":[582,1183],"class_list":{"0":"post-73515","1":"post","2":"type-post","3":"status-publish","4":"format-standard","5":"has-post-thumbnail","7":"category-actualidad","8":"tag-lesion","9":"tag-santiago-toloza"},"jetpack_publicize_connections":[],"jetpack_sharing_enabled":true,"jetpack_featured_media_url":"https:\/\/i0.wp.com\/www.masrojo.com.ar\/home\/wp-content\/uploads\/toloza.jpeg?fit=679%2C453&ssl=1","jetpack_shortlink":"https:\/\/wp.me\/p90W9F-j7J","_links":{"self":[{"href":"https:\/\/www.masrojo.com.ar\/home\/wp-json\/wp\/v2\/posts\/73515"}],"collection":[{"href":"https:\/\/www.masrojo.com.ar\/home\/wp-json\/wp\/v2\/posts"}],"about":[{"href":"https:\/\/www.masrojo.com.ar\/home\/wp-json\/wp\/v2\/types\/post"}],"author":[{"embeddable":true,"href":"https:\/\/www.masrojo.com.ar\/home\/wp-json\/wp\/v2\/users\/6"}],"replies":[{"embeddable":true,"href":"https:\/\/www.masrojo.com.ar\/home\/wp-json\/wp\/v2\/comments?post=73515"}],"version-history":[{"count":1,"href":"https:\/\/www.masrojo.com.ar\/home\/wp-json\/wp\/v2\/posts\/73515\/revisions"}],"predecessor-version":[{"id":73521,"href":"https:\/\/www.masrojo.com.ar\/home\/wp-json\/wp\/v2\/posts\/73515\/revisions\/73521"}],"wp:featuredmedia":[{"embeddable":true,"href":"https:\/\/www.masrojo.com.ar\/home\/wp-json\/wp\/v2\/media\/71299"}],"wp:attachment":[{"href":"https:\/\/www.masrojo.com.ar\/home\/wp-json\/wp\/v2\/media?parent=73515"}],"wp:term":[{"taxonomy":"category","embeddable":true,"href":"https:\/\/www.masrojo.com.ar\/home\/wp-json\/wp\/v2\/categories?post=73515"},{"taxonomy":"post_tag","embeddable":true,"href":"https:\/\/www.masrojo.com.ar\/home\/wp-json\/wp\/v2\/tags?post=73515"}],"curies":[{"name":"wp","href":"https:\/\/api.w.org\/{rel}","templated":true}]}}