{"id":73638,"date":"2024-05-08T17:42:31","date_gmt":"2024-05-08T20:42:31","guid":{"rendered":"https:\/\/www.masrojo.com.ar\/home\/?p=73638"},"modified":"2024-07-05T20:13:45","modified_gmt":"2024-07-05T23:13:45","slug":"baja-sensible-para-el-debut-en-la-liga-profesional","status":"publish","type":"post","link":"https:\/\/www.masrojo.com.ar\/home\/2024\/05\/08\/baja-sensible-para-el-debut-en-la-liga-profesional\/","title":{"rendered":"Baja sensible para el debut en la Liga Profesional"},"content":{"rendered":"<p><strong>Independiente debuta en la Liga Profesional el d\u00eda s\u00e1bado ante Talleres de C\u00f3rdoba<\/strong> en el Estadio Libertadores de Am\u00e9rica &#8211; Ricardo Enrique Bochini. El DT esta acomodando y cambiando las fichas del 11 para comenzar el torneo pero ya tiene una menos: <strong>Ayrton Costa no podr\u00e1 jugar por acumulaci\u00f3n de amarillas.<\/strong><\/p>\n<p>El defensor lleg\u00f3 a la quinta amarilla en el empate de la fecha 14 de la Copa LPF ante Talleres y por eso arrastrar\u00e1 la fecha de suspensi\u00f3n a este arranque del nuevo torneo. Es que a diferencia de lo que viene sucediendo \u00faltimamente entre cada fin de temporada e inicio de a\u00f1o, la Liga Profesional no borrar\u00e1 las sanciones vigentes del final de la Copa LPF al inicio de la Liga.<\/p>\n<p>En lugar de Costa, el apuntado por Tevez para conformar la zaga central junto a Joaqu\u00edn Laso es Juan Fedorco, que ya jug\u00f3 la mitad de los partidos de la actual temporada como titular. La inclusi\u00f3n del central que lleg\u00f3 desde Nueva Chicago podr\u00eda no ser la \u00fanica variante con respecto al once que viene de vencer a Juventud Unida de San Luis en los 16\u00b0 de final de la Copa Argentina.<\/p>\n","protected":false},"excerpt":{"rendered":"<div class=\"mh-excerpt\"><p>Independiente debuta en la Liga Profesional el d\u00eda s\u00e1bado ante Talleres de C\u00f3rdoba en el Estadio Libertadores de Am\u00e9rica &#8211; Ricardo Enrique Bochini. El DT esta acomodando y cambiando las fichas del 11 para comenzar <a class=\"mh-excerpt-more\" href=\"https:\/\/www.masrojo.com.ar\/home\/2024\/05\/08\/baja-sensible-para-el-debut-en-la-liga-profesional\/\" title=\"Baja sensible para el debut en la Liga Profesional\">[&#8230;]<\/a><\/p>\n<\/div>","protected":false},"author":6,"featured_media":72283,"comment_status":"closed","ping_status":"closed","sticky":false,"template":"","format":"standard","meta":{"_jetpack_memberships_contains_paid_content":false,"footnotes":"","jetpack_publicize_message":"","jetpack_publicize_feature_enabled":true,"jetpack_social_post_already_shared":true,"jetpack_social_options":{"image_generator_settings":{"template":"highway","enabled":false},"version":2}},"categories":[4],"tags":[1115,1002,751],"class_list":{"0":"post-73638","1":"post","2":"type-post","3":"status-publish","4":"format-standard","5":"has-post-thumbnail","7":"category-actualidad","8":"tag-ayrton-costa","9":"tag-liga-profesional","10":"tag-talleres-de-cordoba"},"jetpack_publicize_connections":[],"jetpack_sharing_enabled":true,"jetpack_featured_media_url":"https:\/\/i0.wp.com\/www.masrojo.com.ar\/home\/wp-content\/uploads\/ayrton-costa.jpeg?fit=2048%2C1365&ssl=1","jetpack_shortlink":"https:\/\/wp.me\/p90W9F-j9I","_links":{"self":[{"href":"https:\/\/www.masrojo.com.ar\/home\/wp-json\/wp\/v2\/posts\/73638"}],"collection":[{"href":"https:\/\/www.masrojo.com.ar\/home\/wp-json\/wp\/v2\/posts"}],"about":[{"href":"https:\/\/www.masrojo.com.ar\/home\/wp-json\/wp\/v2\/types\/post"}],"author":[{"embeddable":true,"href":"https:\/\/www.masrojo.com.ar\/home\/wp-json\/wp\/v2\/users\/6"}],"replies":[{"embeddable":true,"href":"https:\/\/www.masrojo.com.ar\/home\/wp-json\/wp\/v2\/comments?post=73638"}],"version-history":[{"count":1,"href":"https:\/\/www.masrojo.com.ar\/home\/wp-json\/wp\/v2\/posts\/73638\/revisions"}],"predecessor-version":[{"id":73644,"href":"https:\/\/www.masrojo.com.ar\/home\/wp-json\/wp\/v2\/posts\/73638\/revisions\/73644"}],"wp:featuredmedia":[{"embeddable":true,"href":"https:\/\/www.masrojo.com.ar\/home\/wp-json\/wp\/v2\/media\/72283"}],"wp:attachment":[{"href":"https:\/\/www.masrojo.com.ar\/home\/wp-json\/wp\/v2\/media?parent=73638"}],"wp:term":[{"taxonomy":"category","embeddable":true,"href":"https:\/\/www.masrojo.com.ar\/home\/wp-json\/wp\/v2\/categories?post=73638"},{"taxonomy":"post_tag","embeddable":true,"href":"https:\/\/www.masrojo.com.ar\/home\/wp-json\/wp\/v2\/tags?post=73638"}],"curies":[{"name":"wp","href":"https:\/\/api.w.org\/{rel}","templated":true}]}}