{"id":73645,"date":"2024-05-08T17:46:22","date_gmt":"2024-05-08T20:46:22","guid":{"rendered":"https:\/\/www.masrojo.com.ar\/home\/?p=73645"},"modified":"2024-07-05T20:13:44","modified_gmt":"2024-07-05T23:13:44","slug":"cual-va-a-ser-el-once-para-el-debut","status":"publish","type":"post","link":"https:\/\/www.masrojo.com.ar\/home\/2024\/05\/08\/cual-va-a-ser-el-once-para-el-debut\/","title":{"rendered":"\u00bfCu\u00e1l va a ser el once para el debut?"},"content":{"rendered":"<p>El plantel de Independiente inici\u00f3 la semana de entrenamientos con la mente puesta en el debut de la Liga Profesional 2024 frente a Talleres. Se jugar\u00e1n las primeras cinco fechas del campeonato antes del parate por la Copa Am\u00e9rica de Estados Unidos 2024.<\/p>\n<p>El cuerpo t\u00e9cnico del Rojo evaluar\u00e1 con el correr de los d\u00edas a Iv\u00e1n Marcone, quien no sum\u00f3 minutos desde el banco de suplentes durante la victoria ante Juventud Unida (2-0) por los 16avos. de final de la Copa Argentina. A el Capit\u00e1n lo han visto bien desde lo f\u00edsico luego de su cuadro por dengue y es por eso que prefirieron resguardarlo de cara al partido del pr\u00f3ximo s\u00e1bado, a las 17.30, en el Estadio Libertadores de Am\u00e9rica-Ricardo Enrique Bochini.<\/p>\n<p>Si bien todav\u00eda faltan varias pr\u00e1cticas, los otros focos estar\u00e1n puestos en si Carlos Tevez volver\u00e1 a contar desde el arranque con Gabriel \u00c1valos, de quien se esperaba m\u00e1s en el primer semestre, y Federico Mancuello, todav\u00eda lejos de su plenitud.<\/p>\n","protected":false},"excerpt":{"rendered":"<div class=\"mh-excerpt\"><p>El plantel de Independiente inici\u00f3 la semana de entrenamientos con la mente puesta en el debut de la Liga Profesional 2024 frente a Talleres. Se jugar\u00e1n las primeras cinco fechas del campeonato antes del parate <a class=\"mh-excerpt-more\" href=\"https:\/\/www.masrojo.com.ar\/home\/2024\/05\/08\/cual-va-a-ser-el-once-para-el-debut\/\" title=\"\u00bfCu\u00e1l va a ser el once para el debut?\">[&#8230;]<\/a><\/p>\n<\/div>","protected":false},"author":6,"featured_media":73499,"comment_status":"closed","ping_status":"closed","sticky":false,"template":"","format":"standard","meta":{"_jetpack_memberships_contains_paid_content":false,"footnotes":"","jetpack_publicize_message":"","jetpack_publicize_feature_enabled":true,"jetpack_social_post_already_shared":true,"jetpack_social_options":{"image_generator_settings":{"template":"highway","enabled":false},"version":2}},"categories":[4],"tags":[27,1002,751],"class_list":{"0":"post-73645","1":"post","2":"type-post","3":"status-publish","4":"format-standard","5":"has-post-thumbnail","7":"category-actualidad","8":"tag-entrenamiento","9":"tag-liga-profesional","10":"tag-talleres-de-cordoba"},"jetpack_publicize_connections":[],"jetpack_sharing_enabled":true,"jetpack_featured_media_url":"https:\/\/i0.wp.com\/www.masrojo.com.ar\/home\/wp-content\/uploads\/tevez-entrenamienti.jpeg?fit=2048%2C1365&ssl=1","jetpack_shortlink":"https:\/\/wp.me\/p90W9F-j9P","_links":{"self":[{"href":"https:\/\/www.masrojo.com.ar\/home\/wp-json\/wp\/v2\/posts\/73645"}],"collection":[{"href":"https:\/\/www.masrojo.com.ar\/home\/wp-json\/wp\/v2\/posts"}],"about":[{"href":"https:\/\/www.masrojo.com.ar\/home\/wp-json\/wp\/v2\/types\/post"}],"author":[{"embeddable":true,"href":"https:\/\/www.masrojo.com.ar\/home\/wp-json\/wp\/v2\/users\/6"}],"replies":[{"embeddable":true,"href":"https:\/\/www.masrojo.com.ar\/home\/wp-json\/wp\/v2\/comments?post=73645"}],"version-history":[{"count":1,"href":"https:\/\/www.masrojo.com.ar\/home\/wp-json\/wp\/v2\/posts\/73645\/revisions"}],"predecessor-version":[{"id":73651,"href":"https:\/\/www.masrojo.com.ar\/home\/wp-json\/wp\/v2\/posts\/73645\/revisions\/73651"}],"wp:featuredmedia":[{"embeddable":true,"href":"https:\/\/www.masrojo.com.ar\/home\/wp-json\/wp\/v2\/media\/73499"}],"wp:attachment":[{"href":"https:\/\/www.masrojo.com.ar\/home\/wp-json\/wp\/v2\/media?parent=73645"}],"wp:term":[{"taxonomy":"category","embeddable":true,"href":"https:\/\/www.masrojo.com.ar\/home\/wp-json\/wp\/v2\/categories?post=73645"},{"taxonomy":"post_tag","embeddable":true,"href":"https:\/\/www.masrojo.com.ar\/home\/wp-json\/wp\/v2\/tags?post=73645"}],"curies":[{"name":"wp","href":"https:\/\/api.w.org\/{rel}","templated":true}]}}