{"id":73652,"date":"2024-05-08T17:53:24","date_gmt":"2024-05-08T20:53:24","guid":{"rendered":"https:\/\/www.masrojo.com.ar\/home\/?p=73652"},"modified":"2024-07-05T20:13:55","modified_gmt":"2024-07-05T23:13:55","slug":"la-reserva-no-encuentra-el-rumbo-2","status":"publish","type":"post","link":"https:\/\/www.masrojo.com.ar\/home\/2024\/05\/08\/la-reserva-no-encuentra-el-rumbo-2\/","title":{"rendered":"La Reserva no encuentra el rumbo"},"content":{"rendered":"<p>En la tarde-noche del martes, la Reserva de Independiente jug\u00f3 por la Copa Proyecci\u00f3n ante Talleres de C\u00f3rdoba y no pudo contra los cordobeces. El encuentro finaliz\u00f3 con derrota del Rojo por 1 a 0 y ya acumula cinco derrotas al hilo.<\/p>\n<p>Los once del reci\u00e9n renovado Pedro Monz\u00f3n fueron:\u00a0 <strong>Manuel Tasso; Maximiliano Duarte, Bautista Gonz\u00e1lez, Gonzalo Bord\u00f3n, Enzo Franco; Jerem\u00edas Marchini, Facundo Cruz; Enzo Taborda, Lautaro Mill\u00e1n, Hidalgo; Sim\u00f3n Bodnar<\/strong>.<\/p>\n<p>A los 4 minutos del segundo tiempo,\u00a0<strong>Jerem\u00edas Gallard anot\u00f3 el gol del triunfo<\/strong>\u00a0de los cordobeses, al conectar de cabeza un centro desde la derecha.<\/p>\n<p>Con este resultado,<strong>\u00a0la Reserva sum\u00f3 su quinta derrota al hilo y sigue con 11 puntos, a cuatro del \u00faltimo clasificado<\/strong> a los playoffs (Godoy Cruz) cuando quedan 9 en juego. En la pr\u00f3xima fecha, visitar\u00e1n a Newell\u2019s en Rosario<\/p>\n","protected":false},"excerpt":{"rendered":"<div class=\"mh-excerpt\"><p>En la tarde-noche del martes, la Reserva de Independiente jug\u00f3 por la Copa Proyecci\u00f3n ante Talleres de C\u00f3rdoba y no pudo contra los cordobeces. El encuentro finaliz\u00f3 con derrota del Rojo por 1 a 0 <a class=\"mh-excerpt-more\" href=\"https:\/\/www.masrojo.com.ar\/home\/2024\/05\/08\/la-reserva-no-encuentra-el-rumbo-2\/\" title=\"La Reserva no encuentra el rumbo\">[&#8230;]<\/a><\/p>\n<\/div>","protected":false},"author":6,"featured_media":73653,"comment_status":"closed","ping_status":"closed","sticky":false,"template":"","format":"standard","meta":{"_jetpack_memberships_contains_paid_content":false,"footnotes":"","jetpack_publicize_message":"","jetpack_publicize_feature_enabled":true,"jetpack_social_post_already_shared":true,"jetpack_social_options":{"image_generator_settings":{"template":"highway","enabled":false},"version":2}},"categories":[4],"tags":[1186,751],"class_list":{"0":"post-73652","1":"post","2":"type-post","3":"status-publish","4":"format-standard","5":"has-post-thumbnail","7":"category-actualidad","8":"tag-copa-proyeccion","9":"tag-talleres-de-cordoba"},"jetpack_publicize_connections":[],"jetpack_sharing_enabled":true,"jetpack_featured_media_url":"https:\/\/i0.wp.com\/www.masrojo.com.ar\/home\/wp-content\/uploads\/reserva-talleres-1.jpeg?fit=679%2C453&ssl=1","jetpack_shortlink":"https:\/\/wp.me\/p90W9F-j9W","_links":{"self":[{"href":"https:\/\/www.masrojo.com.ar\/home\/wp-json\/wp\/v2\/posts\/73652"}],"collection":[{"href":"https:\/\/www.masrojo.com.ar\/home\/wp-json\/wp\/v2\/posts"}],"about":[{"href":"https:\/\/www.masrojo.com.ar\/home\/wp-json\/wp\/v2\/types\/post"}],"author":[{"embeddable":true,"href":"https:\/\/www.masrojo.com.ar\/home\/wp-json\/wp\/v2\/users\/6"}],"replies":[{"embeddable":true,"href":"https:\/\/www.masrojo.com.ar\/home\/wp-json\/wp\/v2\/comments?post=73652"}],"version-history":[{"count":1,"href":"https:\/\/www.masrojo.com.ar\/home\/wp-json\/wp\/v2\/posts\/73652\/revisions"}],"predecessor-version":[{"id":73659,"href":"https:\/\/www.masrojo.com.ar\/home\/wp-json\/wp\/v2\/posts\/73652\/revisions\/73659"}],"wp:featuredmedia":[{"embeddable":true,"href":"https:\/\/www.masrojo.com.ar\/home\/wp-json\/wp\/v2\/media\/73653"}],"wp:attachment":[{"href":"https:\/\/www.masrojo.com.ar\/home\/wp-json\/wp\/v2\/media?parent=73652"}],"wp:term":[{"taxonomy":"category","embeddable":true,"href":"https:\/\/www.masrojo.com.ar\/home\/wp-json\/wp\/v2\/categories?post=73652"},{"taxonomy":"post_tag","embeddable":true,"href":"https:\/\/www.masrojo.com.ar\/home\/wp-json\/wp\/v2\/tags?post=73652"}],"curies":[{"name":"wp","href":"https:\/\/api.w.org\/{rel}","templated":true}]}}