{"id":73660,"date":"2024-05-10T17:48:06","date_gmt":"2024-05-10T20:48:06","guid":{"rendered":"https:\/\/www.masrojo.com.ar\/home\/?p=73660"},"modified":"2024-07-05T20:13:44","modified_gmt":"2024-07-05T23:13:44","slug":"si-el-club-dice-que-somos-los-reyes-de-copas-hay-que-demostrarlo","status":"publish","type":"post","link":"https:\/\/www.masrojo.com.ar\/home\/2024\/05\/10\/si-el-club-dice-que-somos-los-reyes-de-copas-hay-que-demostrarlo\/","title":{"rendered":"\u00abSi el club dice que somos los Reyes de Copas, hay que demostrarlo\u00bb"},"content":{"rendered":"<p>A poco de dar comienzo a la Liga Profesional, que sera el dia sabado a las 17.30hs en el Estadio Libertadores de America &#8211; Ricardo Enrique Bochini ante Talleres de C\u00f3rdoba, \u00faltimo rival del Rojo en la Copa de La Liga, <strong>el DT Carlos T\u00e9vez habl\u00f3 con el sitio oficial del club y comento su relaci\u00f3n con el hincha, el predsente de Independiente y como se venedr\u00e1 su futuro<\/strong>.<\/p>\n<p><em>\u00abEl club hace muchos a\u00f1os que no compite. Pasaron muchos t\u00e9cnicos, buenos entrenadores que no pudieron darle la vuelta a Independiente. <strong>Estoy tranquilo porque estamos haciendo las cosas bien. Noto un cambio que vamos haciendo todos juntos<\/strong><\/em>\u00ab, coment\u00f3 el DT.<\/p>\n<p>En la misma l\u00ednea, aclar\u00f3 la situaci\u00f3n diferente en la que se encuentra el club a comparaci\u00f3n de cuando reci\u00e9n pis\u00f3 Avellaneda:<em> \u00ab<strong>El equipo estaba muy necesitado. Esa vara que cuando nosotros llegamos estaba baja, la pudimos subir, mantener. Sab\u00edamos que ven\u00edamos a pelear el descenso&#8230; Desde esa base partimos de menor a mayor<\/strong>. Desde que empezamos este campeonato nuevo, empezamos de mayor a menor. Es normal porque tenemos que buscar un equilibrio, tanto institucional como de jugadores y cuerpo t\u00e9cnico, como la gente, que necesita equilibro de no encontrarse tan chocante en el Independiente de River y el Independiente de Riestra\u00bb<\/em>.<\/p>\n<p>Lo que se viene es la Liga rofesional, la cual cuenta con 27 fechas y comienza este s\u00e1bado, ante Talleres de C\u00f3rdoba. A\u00fan asi, ser\u00e1n un uado de fechas que se jugar\u00e1n antes de que comience la Copa America, que har\u00e1 que se are el torneo: <em>\u00abEs raro porque tenemos cinco fechas nom\u00e1s y despu\u00e9s se para. Tenemos que acelerar, son importantes para arrancar el segundo semestre de la mejor manera. En la segunda parte del a\u00f1o se empezar\u00e1 a ver la expectativa\u00bb<\/em>, sostuvo.<\/p>\n<p>Un tema que no lo deja dormir al hincha y a la dirigencia es el mercado de pases. Sobre esto, el Apache se mostr\u00f3 tranquilo: <em>\u00abLa gente se va a dar cuenta cuando arranque el tema de incorporar. <strong>No me quiero adelantar, pero seguramente Independiente empiece a vender tambi\u00e9n. Eso quiere decir que algo bien estamos haciendo. Obvio que la gente no ve eso, quiere campeonatos<\/strong>. Pero convengamos que hace mucho tiempo que Independiente no viene con algo serio de esta magnitud y creo que este es el camino. Obvio que duele quedarse afuera de esa manera, pero estamos convencidos del trabajo que estamos haciendo\u00bb<\/em>, declar\u00f3.<\/p>\n<p>Un tema controversial a la hora de llegar a Independiente fue su gran afinidad con Boca Juniors: \u00ab<em>No es f\u00e1cil para m\u00ed. Vengo de otra instituci\u00f3n muy marcada. <strong>No es f\u00e1cil tampoco para m\u00ed verme con el escudo de Independiente, me imagino al hincha.<\/strong> Siempre digo que, con trabajo y dedicaci\u00f3n, uno lo puede dar vuelta, con el respeto que le tengo hacia el hincha. <strong>Cuando me aplauden, saludo. Cuando me putean, uno tiene que agachar la cabeza y seguir trabajando<\/strong>\u00ab.<\/em><\/p>\n<p><em>\u00ab<strong>Al hincha lo respeto much\u00edsimo. Independiente es especial por su gente. Trato en todo momento de entenderlo, de ponerme en la piel del hincha. S\u00e9 que no es f\u00e1cil.<\/strong> Es dif\u00edcil en esta situaci\u00f3n, ten\u00e9s que jugar con los chicos, darles su espacio&#8230; No podemos ponerle esa mochila a los chicos que tienen que salvar al club por errores que se vienen cometiendo hace mucho a\u00f1os atr\u00e1s\u00bb.<\/em><\/p>\n<p>El Apache asegur\u00f3 que tiene buena relaci\u00f3n con <strong>N\u00e9stor Grindetti<\/strong>, presidente del Rojo, y recalc\u00f3 que la pol\u00edtica del club est\u00e1 mejorando. <em>\u00ab<strong>Estamos a diario hablando, d\u00eda por medio. Cualquier duda que tengamos o algo que podamos mejorar en el club. Se est\u00e1 empezando a mover en ese aspecto. La gente no lo ve.<\/strong> Pero si decimos ser una cosa, lo tenemos que demostrar. Empezamos desde ah\u00ed a querer imponernos, hacer un gimnasio mejor, un vestuario mejor. <strong>Si el club dice que somos los Reyes de Copas, tambi\u00e9n hay que demostrarlo<\/strong>. El club tiene que crecer con infraestructura y darle a los jugadores las herramientas para llegar al domingo de la mejor manera\u00bb<\/em>, indic\u00f3.<\/p>\n<p><em>\u00abS\u00e9 d\u00f3nde estoy y tambi\u00e9n s\u00e9 que, cuando llegu\u00e9, si est\u00e1s diciendo que sos el Rey de Copas, ten\u00e9s que estar bien&#8230; El club se estaba prendiendo fuego. Tambi\u00e9n el hincha enojado&#8230; Es dif\u00edcil cambiar eso. No es f\u00e1cil. <strong>Si el hincha est\u00e1 enojado con su club porque el presidente que eligi\u00f3 se fue al mes y el vicepresidente se fue, entonces no es f\u00e1cil. Cuando yo digo de poder construir sobre un pantano es sobre todas estas cosas.<\/strong> Que cada semana te caiga una inhibici\u00f3n y saber que no vas a poder incorporar y que todo se hace cuesta arriba&#8230; No s\u00f3lo de incorporar, sino de tener pelotas, cambiar el vestuario&#8230; Ten\u00e9s que aparentar ser el Rey de Copas. La gente se daba cuenta que el club estaba prendido fuego<\/em>\u00ab.<\/p>\n<p>Para cerrar, Tevez manifest\u00f3: <em>\u00ab<strong>Trato de d\u00eda a d\u00eda seguir mejorando, que el equipo juegue mejor, ver el equilibrio que todos queremos en Independiente. Voy a trabajar para sacar a Independiente adelante. Que se queden tranquilos que voy a defender el escudo a muerte hasta el d\u00eda que me toque irme\u00bb.<\/strong><\/em><\/p>\n","protected":false},"excerpt":{"rendered":"<div class=\"mh-excerpt\"><p>A poco de dar comienzo a la Liga Profesional, que sera el dia sabado a las 17.30hs en el Estadio Libertadores de America &#8211; Ricardo Enrique Bochini ante Talleres de C\u00f3rdoba, \u00faltimo rival del Rojo <a class=\"mh-excerpt-more\" href=\"https:\/\/www.masrojo.com.ar\/home\/2024\/05\/10\/si-el-club-dice-que-somos-los-reyes-de-copas-hay-que-demostrarlo\/\" title=\"\u00abSi el club dice que somos los Reyes de Copas, hay que demostrarlo\u00bb\">[&#8230;]<\/a><\/p>\n<\/div>","protected":false},"author":6,"featured_media":72701,"comment_status":"closed","ping_status":"closed","sticky":false,"template":"","format":"standard","meta":{"_jetpack_memberships_contains_paid_content":false,"footnotes":"","jetpack_publicize_message":"","jetpack_publicize_feature_enabled":true,"jetpack_social_post_already_shared":true,"jetpack_social_options":{"image_generator_settings":{"template":"highway","enabled":false},"version":2}},"categories":[4],"tags":[1180],"class_list":{"0":"post-73660","1":"post","2":"type-post","3":"status-publish","4":"format-standard","5":"has-post-thumbnail","7":"category-actualidad","8":"tag-carlos-tevez"},"jetpack_publicize_connections":[],"jetpack_sharing_enabled":true,"jetpack_featured_media_url":"https:\/\/i0.wp.com\/www.masrojo.com.ar\/home\/wp-content\/uploads\/tevez-barracas.jpeg?fit=900%2C506&ssl=1","jetpack_shortlink":"https:\/\/wp.me\/p90W9F-ja4","_links":{"self":[{"href":"https:\/\/www.masrojo.com.ar\/home\/wp-json\/wp\/v2\/posts\/73660"}],"collection":[{"href":"https:\/\/www.masrojo.com.ar\/home\/wp-json\/wp\/v2\/posts"}],"about":[{"href":"https:\/\/www.masrojo.com.ar\/home\/wp-json\/wp\/v2\/types\/post"}],"author":[{"embeddable":true,"href":"https:\/\/www.masrojo.com.ar\/home\/wp-json\/wp\/v2\/users\/6"}],"replies":[{"embeddable":true,"href":"https:\/\/www.masrojo.com.ar\/home\/wp-json\/wp\/v2\/comments?post=73660"}],"version-history":[{"count":1,"href":"https:\/\/www.masrojo.com.ar\/home\/wp-json\/wp\/v2\/posts\/73660\/revisions"}],"predecessor-version":[{"id":73666,"href":"https:\/\/www.masrojo.com.ar\/home\/wp-json\/wp\/v2\/posts\/73660\/revisions\/73666"}],"wp:featuredmedia":[{"embeddable":true,"href":"https:\/\/www.masrojo.com.ar\/home\/wp-json\/wp\/v2\/media\/72701"}],"wp:attachment":[{"href":"https:\/\/www.masrojo.com.ar\/home\/wp-json\/wp\/v2\/media?parent=73660"}],"wp:term":[{"taxonomy":"category","embeddable":true,"href":"https:\/\/www.masrojo.com.ar\/home\/wp-json\/wp\/v2\/categories?post=73660"},{"taxonomy":"post_tag","embeddable":true,"href":"https:\/\/www.masrojo.com.ar\/home\/wp-json\/wp\/v2\/tags?post=73660"}],"curies":[{"name":"wp","href":"https:\/\/api.w.org\/{rel}","templated":true}]}}