{"id":73667,"date":"2024-05-11T13:44:31","date_gmt":"2024-05-11T16:44:31","guid":{"rendered":"https:\/\/www.masrojo.com.ar\/home\/?p=73667"},"modified":"2024-07-05T20:13:46","modified_gmt":"2024-07-05T23:13:46","slug":"comienza-el-camino-de-independiente-por-la-liga-profesional","status":"publish","type":"post","link":"https:\/\/www.masrojo.com.ar\/home\/2024\/05\/11\/comienza-el-camino-de-independiente-por-la-liga-profesional\/","title":{"rendered":"Comienza el camino de Independiente por la Liga Profesional"},"content":{"rendered":"<p>En la tarde del s\u00e1bado, Independiente har\u00e1 su debut por la Liga Profesional ante Talleres de C\u00f3rdoba en el Estadio Libertadores de Am\u00e9rica &#8211; Ricardo Enrique Bochini a las 17.30hs. El Rojo arranca un nuevo torneo de la mano de Carlos T\u00e9vez, en b\u00fasqueda de la clasificaci\u00f3n a copas internacionales.<\/p>\n<p>Independiente buscar\u00e1 romper a la T para arrancar con el pie derecho el torneo. T\u00e9vez mantiene gran parte de la base que venci\u00f3 por Copa Argentina aunque dentro del mismo incluir\u00e1 los <strong>r<\/strong><b>etornos de su capit\u00e1n y de su delantero predilecto<\/b>, pese a su sequ\u00eda goleadora desde su arribo a la instituci\u00f3n a principios de este a\u00f1o.\u00a0<b>El esquema pasar\u00e1 del 4-3-3 a un 4-2-3-1<\/b>, con modificaciones en todas las l\u00edneas.<\/p>\n<p>En la defensa ingresar\u00e1n\u00a0<b>Juan Manuel Fedorco y Adr\u00edan Sp\u00f6rle en lugar de Ayrton Costa y Dami\u00e1n P\u00e9rez<\/b>, respectivamente, mientras que<b>\u00a0en el medio iniciar\u00e1 Iv\u00e1n Marcone en t\u00e1ndem con David Mart\u00ednez<\/b>. Por delante de ello dir\u00e1n presente\u00a0<b>Alexis Canelo por derecha, Alex Luna en el centro y Santiago L\u00f3pez desde la banda izquierda<\/b>, mientras que\u00a0<b>\u00c1valos<\/b>\u00a0redondear\u00e1 la formaci\u00f3n con \u00fanico punta en un esquema m\u00e1s que ofensivo que saldr\u00e1 a la cancha con la intenci\u00f3n de iniciar el campeonato con el pie derecho y ante su p\u00fablico.<\/p>\n<p>Los convocados son:<\/p>\n<p><img loading=\"lazy\" decoding=\"async\" class=\"aligncenter\" src=\"https:\/\/pbs.twimg.com\/media\/GNQamS2WoAEIDoB?format=jpg&amp;name=small\" alt=\"Imagen\" width=\"510\" height=\"638\" \/><\/p>\n<p>El once probable del DT es: <strong>Rodrigo Rey; Mauricio\u00a0Isla, Juan Manuel\u00a0Fedorco, Joaqu\u00edn\u00a0Laso, Adri\u00e1n\u00a0Sp\u00f6rle; Iv\u00e1n\u00a0Marcone, David\u00a0Mart\u00ednez; Alexis\u00a0Canelo, Alex\u00a0Luna, Santiago\u00a0L\u00f3pez\u00a0y; Gabriel\u00a0\u00c1valos.<\/strong><\/p>\n<p>Por parte de Talleres de C\u00f3rdoba, Ram\u00f3n Sosa, con una fatiga muscular derivada del cruce de este mi\u00e9rcoles contra Barcelona de Ecuador por la Libertadores, viaj\u00f3 finalmente a Buenos Aires, pero no es seguro que vaya desde el arranque. Habr\u00e1 que esperar hasta minutos antes del partido cuando se suba por redes el equipo que jugar\u00e1, para saber si entra desde el inicio, va al banco o si viaj\u00f3 s\u00f3lo para acompa\u00f1ar al plantel, como suele disponer Talleres con los lesionados pero cuya presencia puertas adentro en importante.<\/p>\n<p>Ribonetto no confirm\u00f3 el equipo ni dej\u00f3 trascender qu\u00e9 grado de rotaci\u00f3n har\u00e1 en el equipo, debido a que el pr\u00f3ximo martes la \u201cT\u201d enfrentar\u00e1 a Cobresal, en el Kempes, por la Libertadores. Pero si Sosa va al banco, ser\u00eda reemplazado por Gustavo Bou. Por su parte, Miguel Navarro, suspendido y lesionado, ser\u00eda reemplazado por Blas Riveros. Resta saber si, como se especula, Juan Camilo Portilla sustituye a Marcos Portillo.<\/p>\n<p>El once probable de Ribonetto es: <strong>Guido Herrera; Gast\u00f3n Benav\u00eddez, Matias Catal\u00e1n, Lucas Su\u00e1rez y Blas Riveros; Ulises Ortegoza, Marcos Portillo o Juan Camilo Portilla y Rub\u00e9n Botta; Ramiro Ruiz Rodriguez, Federico Girotti y Gustavo Bou o Ram\u00f3n Sosa.\u00a0<\/strong><\/p>\n<p><span style=\"font-size: 14pt;\"><strong>TERNA ARBITRAL\u00a0<\/strong><\/span><\/p>\n<p>El \u00e1rbitro confirmado para impartir justicia es Yael Falc\u00f3n P\u00e9rez, que estar\u00e1 acompa\u00f1ado por l os asistentes Juan Pablo Belatti y Pablo Gualtieri. El cuarto \u00e1rbitro ser\u00e1 Jonthan De Oto y el VAR estar\u00e1 bajo las \u00f3rdenes de Nicol\u00e1s Lamolina y su asistente ser\u00e1 Sebasti\u00e1n Raineri.<\/p>\n<p><strong><span style=\"font-size: 14pt;\">TELEVISASI\u00d3N<\/span>\u00a0<\/strong><\/p>\n<p>El encuentro se podr\u00e1 ver a partir de las 17hs por el canal de TNT Sports.<\/p>\n","protected":false},"excerpt":{"rendered":"<div class=\"mh-excerpt\"><p>En la tarde del s\u00e1bado, Independiente har\u00e1 su debut por la Liga Profesional ante Talleres de C\u00f3rdoba en el Estadio Libertadores de Am\u00e9rica &#8211; Ricardo Enrique Bochini a las 17.30hs. El Rojo arranca un nuevo <a class=\"mh-excerpt-more\" href=\"https:\/\/www.masrojo.com.ar\/home\/2024\/05\/11\/comienza-el-camino-de-independiente-por-la-liga-profesional\/\" title=\"Comienza el camino de Independiente por la Liga Profesional\">[&#8230;]<\/a><\/p>\n<\/div>","protected":false},"author":6,"featured_media":66912,"comment_status":"closed","ping_status":"closed","sticky":false,"template":"","format":"standard","meta":{"_jetpack_memberships_contains_paid_content":false,"footnotes":"","jetpack_publicize_message":"","jetpack_publicize_feature_enabled":true,"jetpack_social_post_already_shared":true,"jetpack_social_options":{"image_generator_settings":{"template":"highway","enabled":false},"version":2}},"categories":[4],"tags":[1002,162,751],"class_list":{"0":"post-73667","1":"post","2":"type-post","3":"status-publish","4":"format-standard","5":"has-post-thumbnail","7":"category-actualidad","8":"tag-liga-profesional","9":"tag-previa","10":"tag-talleres-de-cordoba"},"jetpack_publicize_connections":[],"jetpack_sharing_enabled":true,"jetpack_featured_media_url":"https:\/\/i0.wp.com\/www.masrojo.com.ar\/home\/wp-content\/uploads\/puntajes-racing.jpg?fit=2048%2C1365&ssl=1","jetpack_shortlink":"https:\/\/wp.me\/p90W9F-jab","_links":{"self":[{"href":"https:\/\/www.masrojo.com.ar\/home\/wp-json\/wp\/v2\/posts\/73667"}],"collection":[{"href":"https:\/\/www.masrojo.com.ar\/home\/wp-json\/wp\/v2\/posts"}],"about":[{"href":"https:\/\/www.masrojo.com.ar\/home\/wp-json\/wp\/v2\/types\/post"}],"author":[{"embeddable":true,"href":"https:\/\/www.masrojo.com.ar\/home\/wp-json\/wp\/v2\/users\/6"}],"replies":[{"embeddable":true,"href":"https:\/\/www.masrojo.com.ar\/home\/wp-json\/wp\/v2\/comments?post=73667"}],"version-history":[{"count":1,"href":"https:\/\/www.masrojo.com.ar\/home\/wp-json\/wp\/v2\/posts\/73667\/revisions"}],"predecessor-version":[{"id":73673,"href":"https:\/\/www.masrojo.com.ar\/home\/wp-json\/wp\/v2\/posts\/73667\/revisions\/73673"}],"wp:featuredmedia":[{"embeddable":true,"href":"https:\/\/www.masrojo.com.ar\/home\/wp-json\/wp\/v2\/media\/66912"}],"wp:attachment":[{"href":"https:\/\/www.masrojo.com.ar\/home\/wp-json\/wp\/v2\/media?parent=73667"}],"wp:term":[{"taxonomy":"category","embeddable":true,"href":"https:\/\/www.masrojo.com.ar\/home\/wp-json\/wp\/v2\/categories?post=73667"},{"taxonomy":"post_tag","embeddable":true,"href":"https:\/\/www.masrojo.com.ar\/home\/wp-json\/wp\/v2\/tags?post=73667"}],"curies":[{"name":"wp","href":"https:\/\/api.w.org\/{rel}","templated":true}]}}