{"id":73768,"date":"2024-05-17T20:24:08","date_gmt":"2024-05-17T23:24:08","guid":{"rendered":"https:\/\/www.masrojo.com.ar\/home\/?p=73768"},"modified":"2024-07-05T20:14:03","modified_gmt":"2024-07-05T23:14:03","slug":"se-concreto-la-venta-se-va-ayrton-costa","status":"publish","type":"post","link":"https:\/\/www.masrojo.com.ar\/home\/2024\/05\/17\/se-concreto-la-venta-se-va-ayrton-costa\/","title":{"rendered":"Se concret\u00f3 la venta: se va Ayrton Costa"},"content":{"rendered":"<p>Independiente sabe que est\u00e1 obligado a vender jugadores para recaudar dinero de manera urgente y as\u00ed levantar las inhibiciones. Y ya cerr\u00f3 a uno. Se trata de Ayrton Costa, defensor de 24 a\u00f1os surgido de las Inferiores. Luego de elevar el monto de la primera oferta, el equipo que se lo lleva es el Royal Antwerp de B\u00e9lgica.<\/p>\n<p>La instituci\u00f3n belga hab\u00eda enviado una propuesta de 2 millones de d\u00f3lares para quedarse con Costa, pieza importante del equipo de Carlos Tevez en los \u00faltimos meses (jug\u00f3 desde el arranque casi siempre en lo que va del 2024). Independiente envi\u00f3 una contraoferta y logr\u00f3 que Royal Antwerp se estire a 2.5 millones m\u00e1s 200.000 en bonos por objetivos.<\/p>\n<p>Ante estos n\u00fameros, el Rojo acept\u00f3 la propuesta y Ayrton Costa se ir\u00e1 del club. Se espera que la pr\u00f3xima semana viaje rumbo a B\u00e9lgica para hacerse la revisi\u00f3n m\u00e9dica y firmar un contrato a largo plazo. Si bien llegar\u00eda por los tiempos, este jueves entren\u00f3 diferenciado e hizo trabajos livianos, por lo que todo indica que no jugar\u00e1 este domingo ante Platense.<\/p>\n","protected":false},"excerpt":{"rendered":"<div class=\"mh-excerpt\"><p>Independiente sabe que est\u00e1 obligado a vender jugadores para recaudar dinero de manera urgente y as\u00ed levantar las inhibiciones. Y ya cerr\u00f3 a uno. Se trata de Ayrton Costa, defensor de 24 a\u00f1os surgido de <a class=\"mh-excerpt-more\" href=\"https:\/\/www.masrojo.com.ar\/home\/2024\/05\/17\/se-concreto-la-venta-se-va-ayrton-costa\/\" title=\"Se concret\u00f3 la venta: se va Ayrton Costa\">[&#8230;]<\/a><\/p>\n<\/div>","protected":false},"author":6,"featured_media":70983,"comment_status":"closed","ping_status":"closed","sticky":false,"template":"","format":"standard","meta":{"_jetpack_memberships_contains_paid_content":false,"footnotes":"","jetpack_publicize_message":"","jetpack_publicize_feature_enabled":true,"jetpack_social_post_already_shared":true,"jetpack_social_options":{"image_generator_settings":{"template":"highway","enabled":false},"version":2}},"categories":[4],"tags":[1115,901],"class_list":{"0":"post-73768","1":"post","2":"type-post","3":"status-publish","4":"format-standard","5":"has-post-thumbnail","7":"category-actualidad","8":"tag-ayrton-costa","9":"tag-venta"},"jetpack_publicize_connections":[],"jetpack_sharing_enabled":true,"jetpack_featured_media_url":"https:\/\/i0.wp.com\/www.masrojo.com.ar\/home\/wp-content\/uploads\/costa-lesioon.jpeg?fit=680%2C453&ssl=1","jetpack_shortlink":"https:\/\/wp.me\/p90W9F-jbO","_links":{"self":[{"href":"https:\/\/www.masrojo.com.ar\/home\/wp-json\/wp\/v2\/posts\/73768"}],"collection":[{"href":"https:\/\/www.masrojo.com.ar\/home\/wp-json\/wp\/v2\/posts"}],"about":[{"href":"https:\/\/www.masrojo.com.ar\/home\/wp-json\/wp\/v2\/types\/post"}],"author":[{"embeddable":true,"href":"https:\/\/www.masrojo.com.ar\/home\/wp-json\/wp\/v2\/users\/6"}],"replies":[{"embeddable":true,"href":"https:\/\/www.masrojo.com.ar\/home\/wp-json\/wp\/v2\/comments?post=73768"}],"version-history":[{"count":1,"href":"https:\/\/www.masrojo.com.ar\/home\/wp-json\/wp\/v2\/posts\/73768\/revisions"}],"predecessor-version":[{"id":73774,"href":"https:\/\/www.masrojo.com.ar\/home\/wp-json\/wp\/v2\/posts\/73768\/revisions\/73774"}],"wp:featuredmedia":[{"embeddable":true,"href":"https:\/\/www.masrojo.com.ar\/home\/wp-json\/wp\/v2\/media\/70983"}],"wp:attachment":[{"href":"https:\/\/www.masrojo.com.ar\/home\/wp-json\/wp\/v2\/media?parent=73768"}],"wp:term":[{"taxonomy":"category","embeddable":true,"href":"https:\/\/www.masrojo.com.ar\/home\/wp-json\/wp\/v2\/categories?post=73768"},{"taxonomy":"post_tag","embeddable":true,"href":"https:\/\/www.masrojo.com.ar\/home\/wp-json\/wp\/v2\/tags?post=73768"}],"curies":[{"name":"wp","href":"https:\/\/api.w.org\/{rel}","templated":true}]}}