{"id":73838,"date":"2024-05-21T11:29:09","date_gmt":"2024-05-21T14:29:09","guid":{"rendered":"https:\/\/www.masrojo.com.ar\/home\/?p=73838"},"modified":"2024-07-05T20:13:35","modified_gmt":"2024-07-05T23:13:35","slug":"el-plan-de-la-dirigencia","status":"publish","type":"post","link":"https:\/\/www.masrojo.com.ar\/home\/2024\/05\/21\/el-plan-de-la-dirigencia\/","title":{"rendered":"El plan de la dirigencia"},"content":{"rendered":"<p>Ante la salida de Carlos T\u00e9vez, Independiente debe volver a salir a buscar un nuevo director t\u00e9cnico que tome la Primera y lleve al equipo a buen puerto. Lo cierto, es que la situaci\u00f3n institucional no es de las mejores.<\/p>\n<p>Con varias inhibiciones al caer, si se contrata a un nuevo director t\u00e9cnico ser\u00e1 con la condici\u00f3n de que no se pueden traer refuerzos y que los jugadores son los que est\u00e1n, y quiz\u00e1s jugadores de las inferiores del club. Esta condici\u00f3n no es muy tentadora desde el punto de vista de un entrenador, por lo que reduce las opciones de nombres.<\/p>\n<p>Por ende, la Dirigencia decidi\u00f3 que Hugo Tocalli contin\u00fae hasta el corte de la Liga por la Copa Am\u00e9rica y que mientras tanto, buscar\u00e1n solucionar las cuestiones administrativas, como realizar el pago al America de M\u00e9xico y levantar inhibiciones, para poder llamar as\u00ed a un DT y poder brindarle la alternativa de traer refuerzos.<\/p>\n<p>Hasta ahora, los nombres que sonaron comno candidatos son el de Guillermo Barros Schelotto, Mauricio Pellegrino, Julio Vaccari y Rub\u00e9n Dar\u00edo Ins\u00faa. A\u00fan as\u00ed, todav\u00eda no hay ninguna propuesta firme para ninguno.<\/p>\n","protected":false},"excerpt":{"rendered":"<div class=\"mh-excerpt\"><p>Ante la salida de Carlos T\u00e9vez, Independiente debe volver a salir a buscar un nuevo director t\u00e9cnico que tome la Primera y lleve al equipo a buen puerto. Lo cierto, es que la situaci\u00f3n institucional <a class=\"mh-excerpt-more\" href=\"https:\/\/www.masrojo.com.ar\/home\/2024\/05\/21\/el-plan-de-la-dirigencia\/\" title=\"El plan de la dirigencia\">[&#8230;]<\/a><\/p>\n<\/div>","protected":false},"author":6,"featured_media":66739,"comment_status":"closed","ping_status":"closed","sticky":false,"template":"","format":"standard","meta":{"_jetpack_memberships_contains_paid_content":false,"footnotes":"","jetpack_publicize_message":"","jetpack_publicize_feature_enabled":true,"jetpack_social_post_already_shared":true,"jetpack_social_options":{"image_generator_settings":{"template":"highway","enabled":false},"version":2}},"categories":[4],"tags":[1276,1274,1060,1119,1273],"class_list":{"0":"post-73838","1":"post","2":"type-post","3":"status-publish","4":"format-standard","5":"has-post-thumbnail","7":"category-actualidad","8":"tag-guillermo-barros-schelotto","9":"tag-julio-vaccari","10":"tag-mauricio-pellegrino","11":"tag-nestor-grindetti","12":"tag-ruben-dario-insua"},"jetpack_publicize_connections":[],"jetpack_sharing_enabled":true,"jetpack_featured_media_url":"https:\/\/i0.wp.com\/www.masrojo.com.ar\/home\/wp-content\/uploads\/repetto-1540850-1.jpg?fit=908%2C537&ssl=1","jetpack_shortlink":"https:\/\/wp.me\/p90W9F-jcW","_links":{"self":[{"href":"https:\/\/www.masrojo.com.ar\/home\/wp-json\/wp\/v2\/posts\/73838"}],"collection":[{"href":"https:\/\/www.masrojo.com.ar\/home\/wp-json\/wp\/v2\/posts"}],"about":[{"href":"https:\/\/www.masrojo.com.ar\/home\/wp-json\/wp\/v2\/types\/post"}],"author":[{"embeddable":true,"href":"https:\/\/www.masrojo.com.ar\/home\/wp-json\/wp\/v2\/users\/6"}],"replies":[{"embeddable":true,"href":"https:\/\/www.masrojo.com.ar\/home\/wp-json\/wp\/v2\/comments?post=73838"}],"version-history":[{"count":1,"href":"https:\/\/www.masrojo.com.ar\/home\/wp-json\/wp\/v2\/posts\/73838\/revisions"}],"predecessor-version":[{"id":73844,"href":"https:\/\/www.masrojo.com.ar\/home\/wp-json\/wp\/v2\/posts\/73838\/revisions\/73844"}],"wp:featuredmedia":[{"embeddable":true,"href":"https:\/\/www.masrojo.com.ar\/home\/wp-json\/wp\/v2\/media\/66739"}],"wp:attachment":[{"href":"https:\/\/www.masrojo.com.ar\/home\/wp-json\/wp\/v2\/media?parent=73838"}],"wp:term":[{"taxonomy":"category","embeddable":true,"href":"https:\/\/www.masrojo.com.ar\/home\/wp-json\/wp\/v2\/categories?post=73838"},{"taxonomy":"post_tag","embeddable":true,"href":"https:\/\/www.masrojo.com.ar\/home\/wp-json\/wp\/v2\/tags?post=73838"}],"curies":[{"name":"wp","href":"https:\/\/api.w.org\/{rel}","templated":true}]}}