{"id":73860,"date":"2024-05-21T20:04:42","date_gmt":"2024-05-21T23:04:42","guid":{"rendered":"https:\/\/www.masrojo.com.ar\/home\/?p=73860"},"modified":"2024-07-05T20:13:35","modified_gmt":"2024-07-05T23:13:35","slug":"empate-de-la-reserva-2","status":"publish","type":"post","link":"https:\/\/www.masrojo.com.ar\/home\/2024\/05\/21\/empate-de-la-reserva-2\/","title":{"rendered":"Empate de la Reserva"},"content":{"rendered":"<p>Independiente igual\u00f3 1 a 1 ante Estudiantes con gol de Santiago Hidalgo, por la fecha 13 de la Copa Proyecci\u00f3n<\/p>\n<p>El equipo de Pedro Monz\u00f3n sali\u00f3 a la cancha con Manuel Tasso; El\u00edas Quiroga, Luciano Echeverr\u00eda, Gonzalo Bord\u00f3n, Enzo Franco; Enzo Taborda, Jerem\u00edas Marchini, Ezequiel Duarte; Giovanni Mill\u00e1n, Santiago Hidalgo, Alan Laprida. M\u00e1s tarde ingres\u00f3 Facundo Cruz, Jos\u00edas Palais, Rocco Angelloti<\/p>\n<p>El encuentro arranc\u00f3 muy friccionado en el Libertadores de Am\u00e9rica, tal es as\u00ed que reci\u00e9n sobre el cierre de primer tiempo el \u00abRey de Copas\u00bb pudo convertir el primer gol del partido, gracias a un pase entre l\u00edneas de Giovanni Mill\u00e1n y una gran definici\u00f3n cruzada de Santiago Hidalgo.<\/p>\n<p>En el complemento, el equipo platense lleg\u00f3 a la igualdad a los 10 minutos, lo que hizo que los dirigidos por el \u00abMoncho\u00bb volvieran a necesitar el gol que les diera la victoria. Sin embargo, a pesar de los cambios del entrenador, el conjunto local no pudo quedarse con los tres puntos y termin\u00f3 el encuentro en empate.<\/p>\n<p>De esta forma, Independiente se ubica en la posici\u00f3n 9 de la Zona 2 del certamen con 15 puntos, fuera de los puestos de clasificaci\u00f3n, y en la \u00faltima fecha deber\u00e1 visitar a Tigre con la obligaci\u00f3n de ganar para clasificar. En relaci\u00f3n a dicho partido, con d\u00eda y horario a confirmar.<\/p>\n","protected":false},"excerpt":{"rendered":"<div class=\"mh-excerpt\"><p>Independiente igual\u00f3 1 a 1 ante Estudiantes con gol de Santiago Hidalgo, por la fecha 13 de la Copa Proyecci\u00f3n El equipo de Pedro Monz\u00f3n sali\u00f3 a la cancha con Manuel Tasso; El\u00edas Quiroga, Luciano <a class=\"mh-excerpt-more\" href=\"https:\/\/www.masrojo.com.ar\/home\/2024\/05\/21\/empate-de-la-reserva-2\/\" title=\"Empate de la Reserva\">[&#8230;]<\/a><\/p>\n<\/div>","protected":false},"author":6,"featured_media":73861,"comment_status":"closed","ping_status":"closed","sticky":false,"template":"","format":"standard","meta":{"_jetpack_memberships_contains_paid_content":false,"footnotes":"","jetpack_publicize_message":"","jetpack_publicize_feature_enabled":true,"jetpack_social_post_already_shared":true,"jetpack_social_options":{"image_generator_settings":{"template":"highway","enabled":false},"version":2}},"categories":[4],"tags":[61],"class_list":{"0":"post-73860","1":"post","2":"type-post","3":"status-publish","4":"format-standard","5":"has-post-thumbnail","7":"category-actualidad","8":"tag-reserva"},"jetpack_publicize_connections":[],"jetpack_sharing_enabled":true,"jetpack_featured_media_url":"https:\/\/i0.wp.com\/www.masrojo.com.ar\/home\/wp-content\/uploads\/reserva-estudiantes-1-scaled.jpg?fit=2560%2C1939&ssl=1","jetpack_shortlink":"https:\/\/wp.me\/p90W9F-jdi","_links":{"self":[{"href":"https:\/\/www.masrojo.com.ar\/home\/wp-json\/wp\/v2\/posts\/73860"}],"collection":[{"href":"https:\/\/www.masrojo.com.ar\/home\/wp-json\/wp\/v2\/posts"}],"about":[{"href":"https:\/\/www.masrojo.com.ar\/home\/wp-json\/wp\/v2\/types\/post"}],"author":[{"embeddable":true,"href":"https:\/\/www.masrojo.com.ar\/home\/wp-json\/wp\/v2\/users\/6"}],"replies":[{"embeddable":true,"href":"https:\/\/www.masrojo.com.ar\/home\/wp-json\/wp\/v2\/comments?post=73860"}],"version-history":[{"count":1,"href":"https:\/\/www.masrojo.com.ar\/home\/wp-json\/wp\/v2\/posts\/73860\/revisions"}],"predecessor-version":[{"id":73867,"href":"https:\/\/www.masrojo.com.ar\/home\/wp-json\/wp\/v2\/posts\/73860\/revisions\/73867"}],"wp:featuredmedia":[{"embeddable":true,"href":"https:\/\/www.masrojo.com.ar\/home\/wp-json\/wp\/v2\/media\/73861"}],"wp:attachment":[{"href":"https:\/\/www.masrojo.com.ar\/home\/wp-json\/wp\/v2\/media?parent=73860"}],"wp:term":[{"taxonomy":"category","embeddable":true,"href":"https:\/\/www.masrojo.com.ar\/home\/wp-json\/wp\/v2\/categories?post=73860"},{"taxonomy":"post_tag","embeddable":true,"href":"https:\/\/www.masrojo.com.ar\/home\/wp-json\/wp\/v2\/tags?post=73860"}],"curies":[{"name":"wp","href":"https:\/\/api.w.org\/{rel}","templated":true}]}}